{"id":5081,"date":"2019-03-28T08:01:00","date_gmt":"2019-03-28T08:01:00","guid":{"rendered":"http:\/\/www.ficc.hr\/?p=5081"},"modified":"2021-03-30T16:01:19","modified_gmt":"2021-03-30T16:01:19","slug":"kako-neprilika-postaje-prilika","status":"publish","type":"post","link":"https:\/\/www.ficc.hr\/en\/novosti\/kako-neprilika-postaje-prilika\/","title":{"rendered":"Croatia needs to work on its perception as an investment destination"},"content":{"rendered":"<div data-elementor-type=\"wp-post\" data-elementor-id=\"5081\" class=\"elementor elementor-5081\">\n\t\t\t\t\t\t<section class=\"elementor-section elementor-top-section elementor-element elementor-element-1a5c351 elementor-section-full_width elementor-section-height-min-height elementor-section-stretched elementor-section-height-default elementor-section-items-middle\" data-id=\"1a5c351\" data-element_type=\"section\" data-e-type=\"section\" data-settings=\"{&quot;background_background&quot;:&quot;classic&quot;,&quot;stretch_section&quot;:&quot;section-stretched&quot;}\">\n\t\t\t\t\t\t\t<div class=\"elementor-background-overlay\"><\/div>\n\t\t\t\t\t\t\t<div class=\"elementor-container elementor-column-gap-no\">\n\t\t\t\t\t<div class=\"elementor-column elementor-col-100 elementor-top-column elementor-element elementor-element-c92a81f\" data-id=\"c92a81f\" data-element_type=\"column\" data-e-type=\"column\">\n\t\t\t<div class=\"elementor-widget-wrap elementor-element-populated\">\n\t\t\t\t\t\t<section class=\"elementor-section elementor-inner-section elementor-element elementor-element-46df2fc elementor-section-boxed elementor-section-height-default elementor-section-height-default\" data-id=\"46df2fc\" data-element_type=\"section\" data-e-type=\"section\">\n\t\t\t\t\t\t<div class=\"elementor-container elementor-column-gap-default\">\n\t\t\t\t\t<div class=\"elementor-column elementor-col-100 elementor-inner-column elementor-element elementor-element-716019b\" data-id=\"716019b\" data-element_type=\"column\" data-e-type=\"column\">\n\t\t\t<div class=\"elementor-widget-wrap elementor-element-populated\">\n\t\t\t\t\t\t<div class=\"elementor-element elementor-element-856bb8c elementor-widget elementor-widget-heading\" data-id=\"856bb8c\" data-element_type=\"widget\" data-e-type=\"widget\" data-widget_type=\"heading.default\">\n\t\t\t\t<div class=\"elementor-widget-container\">\n\t\t\t\t\t<h1 class=\"elementor-heading-title elementor-size-default\">NEWS<\/h1>\t\t\t\t<\/div>\n\t\t\t\t<\/div>\n\t\t\t\t\t<\/div>\n\t\t<\/div>\n\t\t\t\t\t<\/div>\n\t\t<\/section>\n\t\t\t\t\t<\/div>\n\t\t<\/div>\n\t\t\t\t\t<\/div>\n\t\t<\/section>\n\t\t\t\t<section class=\"elementor-section elementor-top-section elementor-element elementor-element-338f20da elementor-section-boxed elementor-section-height-default elementor-section-height-default\" data-id=\"338f20da\" data-element_type=\"section\" data-e-type=\"section\">\n\t\t\t\t\t\t<div class=\"elementor-container elementor-column-gap-default\">\n\t\t\t\t\t<div class=\"elementor-column elementor-col-50 elementor-top-column elementor-element elementor-element-51f5a2ea\" data-id=\"51f5a2ea\" data-element_type=\"column\" data-e-type=\"column\">\n\t\t\t<div class=\"elementor-widget-wrap elementor-element-populated\">\n\t\t\t\t\t\t<div class=\"elementor-element elementor-element-7ccdb96 elementor-widget elementor-widget-heading\" data-id=\"7ccdb96\" data-element_type=\"widget\" data-e-type=\"widget\" data-widget_type=\"heading.default\">\n\t\t\t\t<div class=\"elementor-widget-container\">\n\t\t\t\t\t<h2 class=\"elementor-heading-title elementor-size-default\">Croatia needs to work on its perception as an investment destination<\/h2>\t\t\t\t<\/div>\n\t\t\t\t<\/div>\n\t\t\t\t<div class=\"elementor-element elementor-element-237d1876 elementor-widget elementor-widget-text-editor\" data-id=\"237d1876\" data-element_type=\"widget\" data-e-type=\"widget\" data-widget_type=\"text-editor.default\">\n\t\t\t\t<div class=\"elementor-widget-container\">\n\t\t\t\t\t\t\t\t\t<p><em>28\/3\/2019<\/em><\/p>\t\t\t\t\t\t\t\t<\/div>\n\t\t\t\t<\/div>\n\t\t\t\t<div class=\"elementor-element elementor-element-0116e33 elementor-widget elementor-widget-image\" data-id=\"0116e33\" data-element_type=\"widget\" data-e-type=\"widget\" data-widget_type=\"image.default\">\n\t\t\t\t<div class=\"elementor-widget-container\">\n\t\t\t\t\t\t\t\t\t\t\t\t\t\t\t<img fetchpriority=\"high\" decoding=\"async\" width=\"4000\" height=\"2666\" src=\"https:\/\/www.ficc.hr\/wp-content\/uploads\/2019\/03\/InvestCro012_gos_180319-1.jpg\" class=\"attachment-full size-full wp-image-3562\" alt=\"\" srcset=\"https:\/\/www.ficc.hr\/wp-content\/uploads\/2019\/03\/InvestCro012_gos_180319-1.jpg 4000w, https:\/\/www.ficc.hr\/wp-content\/uploads\/2019\/03\/InvestCro012_gos_180319-1-300x200.jpg 300w, https:\/\/www.ficc.hr\/wp-content\/uploads\/2019\/03\/InvestCro012_gos_180319-1-768x512.jpg 768w, https:\/\/www.ficc.hr\/wp-content\/uploads\/2019\/03\/InvestCro012_gos_180319-1-1024x682.jpg 1024w, https:\/\/www.ficc.hr\/wp-content\/uploads\/2019\/03\/InvestCro012_gos_180319-1-750x500.jpg 750w\" sizes=\"(max-width: 4000px) 100vw, 4000px\" \/>\t\t\t\t\t\t\t\t\t\t\t\t\t\t\t<\/div>\n\t\t\t\t<\/div>\n\t\t\t\t<div class=\"elementor-element elementor-element-181defc elementor-widget elementor-widget-text-editor\" data-id=\"181defc\" data-element_type=\"widget\" data-e-type=\"widget\" data-widget_type=\"text-editor.default\">\n\t\t\t\t<div class=\"elementor-widget-container\">\n\t\t\t\t\t\t\t\t\t<p>Investment Opportunities in Croatia, organized by the <strong>Foreign Investors Council in Croatia, Ve\u010dernji List, Poslovni Dnevnik and 24sata<\/strong>, under the auspices of the Croatian President Kolinda Grabar Kitarovi\u0107, was held on March 18th, 2019. The Golden Sponsor of the Conference was Hrvatska Elektroprivreda d.d. (<a href=\"https:\/\/www.hep.hr\/\" target=\"_blank\" rel=\"noopener\">HEP d.d.<\/a>)<\/p><p>Among those in attendance were Croatian President <strong>Kolinda Grabar -Kitarovi\u0107<\/strong>, the Minister of Economy, Entrepreneurship and Crafts <strong>Darko Horvat, <\/strong>and the Governor of the Croatian National Bank<strong> Boris Vuj\u010di\u0107 <\/strong>who delivered an introductory address. The conference was opened by <strong>Vladimir Ni\u0161evi\u0107<\/strong> , Editor-in-Chief of Poslovni Dnevnik, who emphasized the importance of this project as a means to open discussions on matters of great importance to Croatia.<\/p><p>After delivering a presentation on the current state of the Croatian economy Governor Vuj\u010di\u0107 explained that Croatia needs to attract three major foreign investors and focus on changing its perception as an investment destinaiton. Minister Horvat presented the recent efforts of the Croatian Government in attracting more FDI and success stories from different Croatia counties whihc he had recently visited.<\/p><p>President Grabar Kitarovi\u0107 pointed out the lack of so-called Greenfield investments in Croatia and proposed five specific guidelines to the Croatian Government. \u201cThe results of direct foreign investments are not in line with desired projections. Over the past 26 years, 33.5 billion euros have been invested in Croatia; however, the problem is that the majority were Brownfield investments and directed towards non-tradable sectors. Croatia lacks Greenfield investments \u2014 investments in the production of goods and services that will create quality jobs and be more export-oriented,\u201d said the President. She stated that development can be geared in a positive direction if we are able to learn from our mistakes.<\/p><p>\u201cIt is vital that we consolidate the competencies of all parties involved in bringing in FDI (Foreign Direct Investment) to a national level, create an investment attraction strategy in line with other economic strategies, focus on new models and soft investment incentives for added value, and create an ongoing attractive investment climate,\u201d said the President. Among her five recommendations to the Croatian Government are the continued efforts on improving the overall image of Croatia and its promotion as an investment destination.<\/p><p>Following the introductory address, an official panel discussion was held featuring President of the Foreign Investors Council in Croatia; <strong>Mladen Fogec<\/strong>, Chairman of the Supervisory Board of MOL; <strong>Zoltan Aldott<\/strong>, Director of the Croatian Banking Association; <strong>Zdenko Adrovi\u0107<\/strong>, Mayor of Bjelovar; <strong>Dario Hrebak<\/strong>, President of the Management Board of Tele2; <strong>Viktor Pavlini\u0107<\/strong>, Regional Director of Do\u011fu\u015f Holding; <strong>Burak Baykan<\/strong>.<\/p><p>In addition to the representatives of the Croatian Government and government institutions and leading investors, the conference attracted a number of representatives of the diplomatic corps, media and business community from Croatia and abroad.<\/p>\t\t\t\t\t\t\t\t<\/div>\n\t\t\t\t<\/div>\n\t\t\t\t<div class=\"elementor-element elementor-element-a1b413b elementor-widget elementor-widget-image-gallery\" data-id=\"a1b413b\" data-element_type=\"widget\" data-e-type=\"widget\" data-widget_type=\"image-gallery.default\">\n\t\t\t\t<div class=\"elementor-widget-container\">\n\t\t\t\t\t\t\t<div class=\"elementor-image-gallery\">\n\t\t\t<div id='gallery-1' class='gallery galleryid-5081 gallery-columns-3 gallery-size-full'><figure class='gallery-item'>\n\t\t\t<div class='gallery-icon landscape'>\n\t\t\t\t<a data-elementor-open-lightbox=\"yes\" data-elementor-lightbox-slideshow=\"a1b413b\" data-elementor-lightbox-title=\"InvestCro012_gos_180319\" data-e-action-hash=\"#elementor-action%3Aaction%3Dlightbox%26settings%3DeyJpZCI6MzU2MiwidXJsIjoiaHR0cHM6XC9cL3d3dy5maWNjLmhyXC93cC1jb250ZW50XC91cGxvYWRzXC8yMDE5XC8wM1wvSW52ZXN0Q3JvMDEyX2dvc18xODAzMTktMS5qcGciLCJzbGlkZXNob3ciOiJhMWI0MTNiIn0%3D\" href='https:\/\/www.ficc.hr\/wp-content\/uploads\/2019\/03\/InvestCro012_gos_180319-1.jpg'><img decoding=\"async\" width=\"4000\" height=\"2666\" src=\"https:\/\/www.ficc.hr\/wp-content\/uploads\/2019\/03\/InvestCro012_gos_180319-1.jpg\" class=\"attachment-full size-full\" alt=\"\" aria-describedby=\"gallery-1-3562\" srcset=\"https:\/\/www.ficc.hr\/wp-content\/uploads\/2019\/03\/InvestCro012_gos_180319-1.jpg 4000w, https:\/\/www.ficc.hr\/wp-content\/uploads\/2019\/03\/InvestCro012_gos_180319-1-300x200.jpg 300w, https:\/\/www.ficc.hr\/wp-content\/uploads\/2019\/03\/InvestCro012_gos_180319-1-768x512.jpg 768w, https:\/\/www.ficc.hr\/wp-content\/uploads\/2019\/03\/InvestCro012_gos_180319-1-1024x682.jpg 1024w, https:\/\/www.ficc.hr\/wp-content\/uploads\/2019\/03\/InvestCro012_gos_180319-1-750x500.jpg 750w\" sizes=\"(max-width: 4000px) 100vw, 4000px\" \/><\/a>\n\t\t\t<\/div>\n\t\t\t\t<figcaption class='wp-caption-text gallery-caption' id='gallery-1-3562'>\n\t\t\t\t18.03.2019., Zagreb &#8211; U hotelu Westin odrzala se konferencija InvestCro &#8211; Investicijske (ne)prilike u Hrvatskoj. Andrea Borosic, Vladimir Nisevic, Kolinda Grabar-Kitarovic, Zoltan Aldott, Darko Horvat, Boris Vujcic. \nPhoto: Goran Stanzl\/PIXSELL\n\t\t\t\t<\/figcaption><\/figure><figure class='gallery-item'>\n\t\t\t<div class='gallery-icon landscape'>\n\t\t\t\t<a data-elementor-open-lightbox=\"yes\" data-elementor-lightbox-slideshow=\"a1b413b\" data-elementor-lightbox-title=\"InvestCro013_gos_180319\" data-e-action-hash=\"#elementor-action%3Aaction%3Dlightbox%26settings%3DeyJpZCI6MzU2MywidXJsIjoiaHR0cHM6XC9cL3d3dy5maWNjLmhyXC93cC1jb250ZW50XC91cGxvYWRzXC8yMDE5XC8wM1wvSW52ZXN0Q3JvMDEzX2dvc18xODAzMTkuanBnIiwic2xpZGVzaG93IjoiYTFiNDEzYiJ9\" href='https:\/\/www.ficc.hr\/wp-content\/uploads\/2019\/03\/InvestCro013_gos_180319.jpg'><img decoding=\"async\" width=\"4000\" height=\"2666\" src=\"https:\/\/www.ficc.hr\/wp-content\/uploads\/2019\/03\/InvestCro013_gos_180319.jpg\" class=\"attachment-full size-full\" alt=\"\" aria-describedby=\"gallery-1-3563\" srcset=\"https:\/\/www.ficc.hr\/wp-content\/uploads\/2019\/03\/InvestCro013_gos_180319.jpg 4000w, https:\/\/www.ficc.hr\/wp-content\/uploads\/2019\/03\/InvestCro013_gos_180319-300x200.jpg 300w, https:\/\/www.ficc.hr\/wp-content\/uploads\/2019\/03\/InvestCro013_gos_180319-768x512.jpg 768w, https:\/\/www.ficc.hr\/wp-content\/uploads\/2019\/03\/InvestCro013_gos_180319-1024x682.jpg 1024w, https:\/\/www.ficc.hr\/wp-content\/uploads\/2019\/03\/InvestCro013_gos_180319-750x500.jpg 750w\" sizes=\"(max-width: 4000px) 100vw, 4000px\" \/><\/a>\n\t\t\t<\/div>\n\t\t\t\t<figcaption class='wp-caption-text gallery-caption' id='gallery-1-3563'>\n\t\t\t\t18.03.2019., Zagreb &#8211; U hotelu Westin odrzala se konferencija InvestCro &#8211; Investicijske (ne)prilike u Hrvatskoj. Andrea Borosic, Mladen Fogec, Kolinda Grabar-Kitarovic, Darko Horvat.\nPhoto: Goran Stanzl\/PIXSELL\n\t\t\t\t<\/figcaption><\/figure><figure class='gallery-item'>\n\t\t\t<div class='gallery-icon landscape'>\n\t\t\t\t<a data-elementor-open-lightbox=\"yes\" data-elementor-lightbox-slideshow=\"a1b413b\" data-elementor-lightbox-title=\"InvestCro010_gos_180319\" data-e-action-hash=\"#elementor-action%3Aaction%3Dlightbox%26settings%3DeyJpZCI6MzU2MSwidXJsIjoiaHR0cHM6XC9cL3d3dy5maWNjLmhyXC93cC1jb250ZW50XC91cGxvYWRzXC8yMDE5XC8wM1wvSW52ZXN0Q3JvMDEwX2dvc18xODAzMTkuanBnIiwic2xpZGVzaG93IjoiYTFiNDEzYiJ9\" href='https:\/\/www.ficc.hr\/wp-content\/uploads\/2019\/03\/InvestCro010_gos_180319.jpg'><img loading=\"lazy\" decoding=\"async\" width=\"4000\" height=\"2666\" src=\"https:\/\/www.ficc.hr\/wp-content\/uploads\/2019\/03\/InvestCro010_gos_180319.jpg\" class=\"attachment-full size-full\" alt=\"\" aria-describedby=\"gallery-1-3561\" srcset=\"https:\/\/www.ficc.hr\/wp-content\/uploads\/2019\/03\/InvestCro010_gos_180319.jpg 4000w, https:\/\/www.ficc.hr\/wp-content\/uploads\/2019\/03\/InvestCro010_gos_180319-300x200.jpg 300w, https:\/\/www.ficc.hr\/wp-content\/uploads\/2019\/03\/InvestCro010_gos_180319-768x512.jpg 768w, https:\/\/www.ficc.hr\/wp-content\/uploads\/2019\/03\/InvestCro010_gos_180319-1024x682.jpg 1024w, https:\/\/www.ficc.hr\/wp-content\/uploads\/2019\/03\/InvestCro010_gos_180319-750x500.jpg 750w\" sizes=\"(max-width: 4000px) 100vw, 4000px\" \/><\/a>\n\t\t\t<\/div>\n\t\t\t\t<figcaption class='wp-caption-text gallery-caption' id='gallery-1-3561'>\n\t\t\t\t18.03.2019., Zagreb &#8211; U hotelu Westin odrzala se konferencija InvestCro &#8211; Investicijske (ne)prilike u Hrvatskoj. Kolinda Grabar-Kitarovic,  Boris Vujcic. \nPhoto: Goran Stanzl\/PIXSELL\n\t\t\t\t<\/figcaption><\/figure><figure class='gallery-item'>\n\t\t\t<div class='gallery-icon landscape'>\n\t\t\t\t<a data-elementor-open-lightbox=\"yes\" data-elementor-lightbox-slideshow=\"a1b413b\" data-elementor-lightbox-title=\"InvestCro020_gos_180319\" data-e-action-hash=\"#elementor-action%3Aaction%3Dlightbox%26settings%3DeyJpZCI6MzQ4OCwidXJsIjoiaHR0cHM6XC9cL3d3dy5maWNjLmhyXC93cC1jb250ZW50XC91cGxvYWRzXC8yMDE2XC8xMlwvSW52ZXN0Q3JvMDIwX2dvc18xODAzMTkuanBnIiwic2xpZGVzaG93IjoiYTFiNDEzYiJ9\" href='https:\/\/www.ficc.hr\/wp-content\/uploads\/2016\/12\/InvestCro020_gos_180319.jpg'><img loading=\"lazy\" decoding=\"async\" width=\"4000\" height=\"2666\" src=\"https:\/\/www.ficc.hr\/wp-content\/uploads\/2016\/12\/InvestCro020_gos_180319.jpg\" class=\"attachment-full size-full\" alt=\"\" aria-describedby=\"gallery-1-3488\" srcset=\"https:\/\/www.ficc.hr\/wp-content\/uploads\/2016\/12\/InvestCro020_gos_180319.jpg 4000w, https:\/\/www.ficc.hr\/wp-content\/uploads\/2016\/12\/InvestCro020_gos_180319-300x200.jpg 300w, https:\/\/www.ficc.hr\/wp-content\/uploads\/2016\/12\/InvestCro020_gos_180319-768x512.jpg 768w, https:\/\/www.ficc.hr\/wp-content\/uploads\/2016\/12\/InvestCro020_gos_180319-1024x682.jpg 1024w, https:\/\/www.ficc.hr\/wp-content\/uploads\/2016\/12\/InvestCro020_gos_180319-750x500.jpg 750w\" sizes=\"(max-width: 4000px) 100vw, 4000px\" \/><\/a>\n\t\t\t<\/div>\n\t\t\t\t<figcaption class='wp-caption-text gallery-caption' id='gallery-1-3488'>\n\t\t\t\t18.03.2019., Zagreb &#8211; U hotelu Westin odrzala se konferencija InvestCro &#8211; Investicijske (ne)prilike u Hrvatskoj. Ivan Tolj, Mladen Fogec, Andrea Borosic, Darko Horvat, Kolinda Grabar-Kitarovic, Drazen Klaric, Vladimir Nisevic. \nPhoto: Goran Stanzl\/PIXSELL\n\t\t\t\t<\/figcaption><\/figure><figure class='gallery-item'>\n\t\t\t<div class='gallery-icon landscape'>\n\t\t\t\t<a data-elementor-open-lightbox=\"yes\" data-elementor-lightbox-slideshow=\"a1b413b\" data-elementor-lightbox-title=\"InvestCRO67_lus_180319\" data-e-action-hash=\"#elementor-action%3Aaction%3Dlightbox%26settings%3DeyJpZCI6MzUxMywidXJsIjoiaHR0cHM6XC9cL3d3dy5maWNjLmhyXC93cC1jb250ZW50XC91cGxvYWRzXC8yMDE2XC8xMlwvSW52ZXN0Q1JPNjdfbHVzXzE4MDMxOS5qcGciLCJzbGlkZXNob3ciOiJhMWI0MTNiIn0%3D\" href='https:\/\/www.ficc.hr\/wp-content\/uploads\/2016\/12\/InvestCRO67_lus_180319.jpg'><img loading=\"lazy\" decoding=\"async\" width=\"4000\" height=\"2667\" src=\"https:\/\/www.ficc.hr\/wp-content\/uploads\/2016\/12\/InvestCRO67_lus_180319.jpg\" class=\"attachment-full size-full\" alt=\"\" aria-describedby=\"gallery-1-3513\" srcset=\"https:\/\/www.ficc.hr\/wp-content\/uploads\/2016\/12\/InvestCRO67_lus_180319.jpg 4000w, https:\/\/www.ficc.hr\/wp-content\/uploads\/2016\/12\/InvestCRO67_lus_180319-300x200.jpg 300w, https:\/\/www.ficc.hr\/wp-content\/uploads\/2016\/12\/InvestCRO67_lus_180319-768x512.jpg 768w, https:\/\/www.ficc.hr\/wp-content\/uploads\/2016\/12\/InvestCRO67_lus_180319-1024x683.jpg 1024w, https:\/\/www.ficc.hr\/wp-content\/uploads\/2016\/12\/InvestCRO67_lus_180319-750x500.jpg 750w\" sizes=\"(max-width: 4000px) 100vw, 4000px\" \/><\/a>\n\t\t\t<\/div>\n\t\t\t\t<figcaption class='wp-caption-text gallery-caption' id='gallery-1-3513'>\n\t\t\t\t18.03.2019., Zagreb &#8211; U hotelu Westin odrzala se konferencija InvestCro &#8211; Investicijske (ne)prilike u Hrvatskoj. Zoltan Aldott \nPhoto: Luka Stanzl\/PIXSELL\n\t\t\t\t<\/figcaption><\/figure><figure class='gallery-item'>\n\t\t\t<div class='gallery-icon landscape'>\n\t\t\t\t<a data-elementor-open-lightbox=\"yes\" data-elementor-lightbox-slideshow=\"a1b413b\" data-elementor-lightbox-title=\"InvestCro029_gos_180319\" data-e-action-hash=\"#elementor-action%3Aaction%3Dlightbox%26settings%3DeyJpZCI6MzQ5NiwidXJsIjoiaHR0cHM6XC9cL3d3dy5maWNjLmhyXC93cC1jb250ZW50XC91cGxvYWRzXC8yMDE2XC8xMlwvSW52ZXN0Q3JvMDI5X2dvc18xODAzMTkuanBnIiwic2xpZGVzaG93IjoiYTFiNDEzYiJ9\" href='https:\/\/www.ficc.hr\/wp-content\/uploads\/2016\/12\/InvestCro029_gos_180319.jpg'><img loading=\"lazy\" decoding=\"async\" width=\"4000\" height=\"2666\" src=\"https:\/\/www.ficc.hr\/wp-content\/uploads\/2016\/12\/InvestCro029_gos_180319.jpg\" class=\"attachment-full size-full\" alt=\"\" aria-describedby=\"gallery-1-3496\" srcset=\"https:\/\/www.ficc.hr\/wp-content\/uploads\/2016\/12\/InvestCro029_gos_180319.jpg 4000w, https:\/\/www.ficc.hr\/wp-content\/uploads\/2016\/12\/InvestCro029_gos_180319-300x200.jpg 300w, https:\/\/www.ficc.hr\/wp-content\/uploads\/2016\/12\/InvestCro029_gos_180319-768x512.jpg 768w, https:\/\/www.ficc.hr\/wp-content\/uploads\/2016\/12\/InvestCro029_gos_180319-1024x682.jpg 1024w, https:\/\/www.ficc.hr\/wp-content\/uploads\/2016\/12\/InvestCro029_gos_180319-750x500.jpg 750w\" sizes=\"(max-width: 4000px) 100vw, 4000px\" \/><\/a>\n\t\t\t<\/div>\n\t\t\t\t<figcaption class='wp-caption-text gallery-caption' id='gallery-1-3496'>\n\t\t\t\t18.03.2019., Zagreb &#8211; U hotelu Westin odrzala se konferencija InvestCro &#8211; Investicijske (ne)prilike u Hrvatskoj. Mladen Fogec. \nPhoto: Goran Stanzl\/PIXSELL\n\t\t\t\t<\/figcaption><\/figure><figure class='gallery-item'>\n\t\t\t<div class='gallery-icon landscape'>\n\t\t\t\t<a data-elementor-open-lightbox=\"yes\" data-elementor-lightbox-slideshow=\"a1b413b\" data-elementor-lightbox-title=\"InvestCro034_gos_180319\" data-e-action-hash=\"#elementor-action%3Aaction%3Dlightbox%26settings%3DeyJpZCI6MzQ5OSwidXJsIjoiaHR0cHM6XC9cL3d3dy5maWNjLmhyXC93cC1jb250ZW50XC91cGxvYWRzXC8yMDE2XC8xMlwvSW52ZXN0Q3JvMDM0X2dvc18xODAzMTkuanBnIiwic2xpZGVzaG93IjoiYTFiNDEzYiJ9\" href='https:\/\/www.ficc.hr\/wp-content\/uploads\/2016\/12\/InvestCro034_gos_180319.jpg'><img loading=\"lazy\" decoding=\"async\" width=\"4000\" height=\"2666\" src=\"https:\/\/www.ficc.hr\/wp-content\/uploads\/2016\/12\/InvestCro034_gos_180319.jpg\" class=\"attachment-full size-full\" alt=\"\" aria-describedby=\"gallery-1-3499\" srcset=\"https:\/\/www.ficc.hr\/wp-content\/uploads\/2016\/12\/InvestCro034_gos_180319.jpg 4000w, https:\/\/www.ficc.hr\/wp-content\/uploads\/2016\/12\/InvestCro034_gos_180319-300x200.jpg 300w, https:\/\/www.ficc.hr\/wp-content\/uploads\/2016\/12\/InvestCro034_gos_180319-768x512.jpg 768w, https:\/\/www.ficc.hr\/wp-content\/uploads\/2016\/12\/InvestCro034_gos_180319-1024x682.jpg 1024w, https:\/\/www.ficc.hr\/wp-content\/uploads\/2016\/12\/InvestCro034_gos_180319-750x500.jpg 750w\" sizes=\"(max-width: 4000px) 100vw, 4000px\" \/><\/a>\n\t\t\t<\/div>\n\t\t\t\t<figcaption class='wp-caption-text gallery-caption' id='gallery-1-3499'>\n\t\t\t\t18.03.2019., Zagreb &#8211; U hotelu Westin odrzala se konferencija InvestCro &#8211; Investicijske (ne)prilike u Hrvatskoj. Kolinda Grabar-Kitarovic. \nPhoto: Goran Stanzl\/PIXSELL\n\t\t\t\t<\/figcaption><\/figure><figure class='gallery-item'>\n\t\t\t<div class='gallery-icon landscape'>\n\t\t\t\t<a data-elementor-open-lightbox=\"yes\" data-elementor-lightbox-slideshow=\"a1b413b\" data-elementor-lightbox-title=\"InvestCro051_gos_180319\" data-e-action-hash=\"#elementor-action%3Aaction%3Dlightbox%26settings%3DeyJpZCI6MzUwNywidXJsIjoiaHR0cHM6XC9cL3d3dy5maWNjLmhyXC93cC1jb250ZW50XC91cGxvYWRzXC8yMDE2XC8xMlwvSW52ZXN0Q3JvMDUxX2dvc18xODAzMTkuanBnIiwic2xpZGVzaG93IjoiYTFiNDEzYiJ9\" href='https:\/\/www.ficc.hr\/wp-content\/uploads\/2016\/12\/InvestCro051_gos_180319.jpg'><img loading=\"lazy\" decoding=\"async\" width=\"4000\" height=\"2666\" src=\"https:\/\/www.ficc.hr\/wp-content\/uploads\/2016\/12\/InvestCro051_gos_180319.jpg\" class=\"attachment-full size-full\" alt=\"\" aria-describedby=\"gallery-1-3507\" srcset=\"https:\/\/www.ficc.hr\/wp-content\/uploads\/2016\/12\/InvestCro051_gos_180319.jpg 4000w, https:\/\/www.ficc.hr\/wp-content\/uploads\/2016\/12\/InvestCro051_gos_180319-300x200.jpg 300w, https:\/\/www.ficc.hr\/wp-content\/uploads\/2016\/12\/InvestCro051_gos_180319-768x512.jpg 768w, https:\/\/www.ficc.hr\/wp-content\/uploads\/2016\/12\/InvestCro051_gos_180319-1024x682.jpg 1024w, https:\/\/www.ficc.hr\/wp-content\/uploads\/2016\/12\/InvestCro051_gos_180319-750x500.jpg 750w\" sizes=\"(max-width: 4000px) 100vw, 4000px\" \/><\/a>\n\t\t\t<\/div>\n\t\t\t\t<figcaption class='wp-caption-text gallery-caption' id='gallery-1-3507'>\n\t\t\t\t18.03.2019., Zagreb &#8211; U hotelu Westin odrzala se konferencija InvestCro &#8211; Investicijske (ne)prilike u Hrvatskoj. Panel diskusija: Hrvatske investicijske (ne)prilike. Dario Hrebak, Zdenko Adrovic, Zoltan Aldott, Viktor Pavlinic, Burak Baykan, Vladimir Nisevic, Mladen Fogec, Zdenko Lucic. \nPhoto: Goran Stanzl\/PIXSELL\n\t\t\t\t<\/figcaption><\/figure><figure class='gallery-item'>\n\t\t\t<div class='gallery-icon landscape'>\n\t\t\t\t<a data-elementor-open-lightbox=\"yes\" data-elementor-lightbox-slideshow=\"a1b413b\" data-elementor-lightbox-title=\"InvestCro048_gos_180319\" data-e-action-hash=\"#elementor-action%3Aaction%3Dlightbox%26settings%3DeyJpZCI6MzUwNiwidXJsIjoiaHR0cHM6XC9cL3d3dy5maWNjLmhyXC93cC1jb250ZW50XC91cGxvYWRzXC8yMDE2XC8xMlwvSW52ZXN0Q3JvMDQ4X2dvc18xODAzMTkuanBnIiwic2xpZGVzaG93IjoiYTFiNDEzYiJ9\" href='https:\/\/www.ficc.hr\/wp-content\/uploads\/2016\/12\/InvestCro048_gos_180319.jpg'><img loading=\"lazy\" decoding=\"async\" width=\"4000\" height=\"2666\" src=\"https:\/\/www.ficc.hr\/wp-content\/uploads\/2016\/12\/InvestCro048_gos_180319.jpg\" class=\"attachment-full size-full\" alt=\"\" aria-describedby=\"gallery-1-3506\" srcset=\"https:\/\/www.ficc.hr\/wp-content\/uploads\/2016\/12\/InvestCro048_gos_180319.jpg 4000w, https:\/\/www.ficc.hr\/wp-content\/uploads\/2016\/12\/InvestCro048_gos_180319-300x200.jpg 300w, https:\/\/www.ficc.hr\/wp-content\/uploads\/2016\/12\/InvestCro048_gos_180319-768x512.jpg 768w, https:\/\/www.ficc.hr\/wp-content\/uploads\/2016\/12\/InvestCro048_gos_180319-1024x682.jpg 1024w, https:\/\/www.ficc.hr\/wp-content\/uploads\/2016\/12\/InvestCro048_gos_180319-750x500.jpg 750w\" sizes=\"(max-width: 4000px) 100vw, 4000px\" \/><\/a>\n\t\t\t<\/div>\n\t\t\t\t<figcaption class='wp-caption-text gallery-caption' id='gallery-1-3506'>\n\t\t\t\t18.03.2019., Zagreb &#8211; U hotelu Westin odrzala se konferencija InvestCro &#8211; Investicijske (ne)prilike u Hrvatskoj. Burak Baykan, Mladen Fogec, Kolinda Grabar-Kitarovic, Zoltan Aldott.\nPhoto: Goran Stanzl\/PIXSELL\n\t\t\t\t<\/figcaption><\/figure>\n\t\t<\/div>\n\t\t<\/div>\n\t\t\t\t\t\t<\/div>\n\t\t\t\t<\/div>\n\t\t\t\t\t<\/div>\n\t\t<\/div>\n\t\t\t\t<div class=\"elementor-column elementor-col-50 elementor-top-column elementor-element elementor-element-8d1f26b\" data-id=\"8d1f26b\" data-element_type=\"column\" data-e-type=\"column\">\n\t\t\t<div class=\"elementor-widget-wrap elementor-element-populated\">\n\t\t\t\t\t\t<div class=\"elementor-element elementor-element-5f47f47 elementor-widget elementor-widget-html\" data-id=\"5f47f47\" data-element_type=\"widget\" data-e-type=\"widget\" data-widget_type=\"html.default\">\n\t\t\t\t<div class=\"elementor-widget-container\">\n\t\t\t\t\t\t\t<div data-elementor-type=\"wp-post\" data-elementor-id=\"4047\" class=\"elementor elementor-4047\">\n\t\t\t\t\t\t<section class=\"elementor-section elementor-top-section elementor-element elementor-element-cbb6549 elementor-section-boxed elementor-section-height-default elementor-section-height-default\" data-id=\"cbb6549\" data-element_type=\"section\" data-e-type=\"section\">\n\t\t\t\t\t\t<div class=\"elementor-container elementor-column-gap-default\">\n\t\t\t\t\t<div class=\"elementor-column elementor-col-100 elementor-top-column elementor-element elementor-element-b8cf8f8\" data-id=\"b8cf8f8\" data-element_type=\"column\" data-e-type=\"column\">\n\t\t\t<div class=\"elementor-widget-wrap elementor-element-populated\">\n\t\t\t\t\t\t<div class=\"elementor-element elementor-element-6aa1986 elementor-widget elementor-widget-heading\" data-id=\"6aa1986\" data-element_type=\"widget\" data-e-type=\"widget\" data-widget_type=\"heading.default\">\n\t\t\t\t<div class=\"elementor-widget-container\">\n\t\t\t\t\t<h2 class=\"elementor-heading-title elementor-size-default\">Latest news<\/h2>\t\t\t\t<\/div>\n\t\t\t\t<\/div>\n\t\t\t\t<div class=\"elementor-element elementor-element-10988ca elementor-grid-eael-col-1 elementor-grid-tablet-eael-col-2 elementor-grid-mobile-eael-col-1 elementor-widget elementor-widget-eael-post-grid\" data-id=\"10988ca\" data-element_type=\"widget\" data-e-type=\"widget\" data-settings=\"{&quot;eael_post_grid_columns&quot;:&quot;eael-col-1&quot;,&quot;eael_post_grid_columns_tablet&quot;:&quot;eael-col-2&quot;,&quot;eael_post_grid_columns_mobile&quot;:&quot;eael-col-1&quot;}\" data-widget_type=\"eael-post-grid.default\">\n\t\t\t\t<div class=\"elementor-widget-container\">\n\t\t\t\t\t<div id=\"eael-post-grid-10988ca\" class=\"eael-post-grid-container\">\n            <div class=\"eael-post-grid eael-post-appender eael-post-appender-10988ca eael-post-grid-style-one\" data-layout-mode=\"grid\"><article class=\"eael-grid-post  eael-post-grid-column eael-pg-post-7755 category-news-novosti\" data-id=\"7755\">\n        <div class=\"eael-grid-post-holder\">\n            <div class=\"eael-grid-post-holder-inner\"><div class=\"eael-entry-media\"><div class=\"eael-entry-overlay fade-in\"><i class=\"fas fa-long-arrow-alt-right\" aria-hidden=\"true\"><\/i><a href=\"https:\/\/www.ficc.hr\/en\/news\/bijela-knjiga-ukazuje-na-probleme-s-birokracijom-obrazovanjem-i-manjkom-radnika\/\"><\/a><\/div><div class=\"eael-entry-thumbnail\">\n                <img loading=\"lazy\" decoding=\"async\" width=\"2336\" height=\"1557\" src=\"https:\/\/www.ficc.hr\/wp-content\/uploads\/2024\/03\/Predstavljanje-Bijele-Knjige-2024.jpg\" class=\"attachment-full size-full wp-image-7754\" alt=\"\" srcset=\"https:\/\/www.ficc.hr\/wp-content\/uploads\/2024\/03\/Predstavljanje-Bijele-Knjige-2024.jpg 2336w, https:\/\/www.ficc.hr\/wp-content\/uploads\/2024\/03\/Predstavljanje-Bijele-Knjige-2024-300x200.jpg 300w, https:\/\/www.ficc.hr\/wp-content\/uploads\/2024\/03\/Predstavljanje-Bijele-Knjige-2024-1024x683.jpg 1024w, https:\/\/www.ficc.hr\/wp-content\/uploads\/2024\/03\/Predstavljanje-Bijele-Knjige-2024-768x512.jpg 768w, https:\/\/www.ficc.hr\/wp-content\/uploads\/2024\/03\/Predstavljanje-Bijele-Knjige-2024-1536x1024.jpg 1536w, https:\/\/www.ficc.hr\/wp-content\/uploads\/2024\/03\/Predstavljanje-Bijele-Knjige-2024-2048x1365.jpg 2048w, https:\/\/www.ficc.hr\/wp-content\/uploads\/2024\/03\/Predstavljanje-Bijele-Knjige-2024-18x12.jpg 18w\" sizes=\"(max-width: 2336px) 100vw, 2336px\" \/>\n            <\/div>\n        <\/div><div class=\"eael-entry-wrapper\"><header class=\"eael-entry-header\"><h2 class=\"eael-entry-title\"><a class=\"eael-grid-post-link\" href=\"https:\/\/www.ficc.hr\/en\/news\/bijela-knjiga-ukazuje-na-probleme-s-birokracijom-obrazovanjem-i-manjkom-radnika\/\" title=\"Bijela Knjiga ukazuje na probleme s birokracijom, obrazovanjem i manjkom radnika\">Bijela Knjiga ukazuje na probleme s birokracijom, obrazovanjem i manjkom radnika<\/a><\/h2><\/header><div class=\"eael-entry-content\">\n                        <div class=\"eael-grid-post-excerpt\"><a href=\"https:\/\/www.ficc.hr\/en\/news\/bijela-knjiga-ukazuje-na-probleme-s-birokracijom-obrazovanjem-i-manjkom-radnika\/\" class=\"eael-post-elements-readmore-btn\">Read more<\/a><\/div>\n                    <\/div><div class=\"eael-entry-footer\"><div class=\"eael-entry-meta\"><span class=\"eael-posted-on\"><time datetime=\"17\/03\/2024\">17\/03\/2024<\/time><\/span><\/div><\/div><\/div><\/div>\n        <\/div>\n    <\/article><article class=\"eael-grid-post  eael-post-grid-column eael-pg-post-7708 category-news-novosti\" data-id=\"7708\">\n        <div class=\"eael-grid-post-holder\">\n            <div class=\"eael-grid-post-holder-inner\"><div class=\"eael-entry-media\"><div class=\"eael-entry-overlay fade-in\"><i class=\"fas fa-long-arrow-alt-right\" aria-hidden=\"true\"><\/i><a href=\"https:\/\/www.ficc.hr\/en\/news\/predstavljena-bijele-knjige-2024\/\"><\/a><\/div><div class=\"eael-entry-thumbnail\">\n                <img loading=\"lazy\" decoding=\"async\" width=\"2560\" height=\"1707\" src=\"https:\/\/www.ficc.hr\/wp-content\/uploads\/2024\/03\/Predstavljanje-Bijele-Knjige-57-scaled.jpg\" class=\"attachment-full size-full wp-image-7709\" alt=\"\" srcset=\"https:\/\/www.ficc.hr\/wp-content\/uploads\/2024\/03\/Predstavljanje-Bijele-Knjige-57-scaled.jpg 2560w, https:\/\/www.ficc.hr\/wp-content\/uploads\/2024\/03\/Predstavljanje-Bijele-Knjige-57-300x200.jpg 300w, https:\/\/www.ficc.hr\/wp-content\/uploads\/2024\/03\/Predstavljanje-Bijele-Knjige-57-1024x683.jpg 1024w, https:\/\/www.ficc.hr\/wp-content\/uploads\/2024\/03\/Predstavljanje-Bijele-Knjige-57-768x512.jpg 768w, https:\/\/www.ficc.hr\/wp-content\/uploads\/2024\/03\/Predstavljanje-Bijele-Knjige-57-1536x1024.jpg 1536w, https:\/\/www.ficc.hr\/wp-content\/uploads\/2024\/03\/Predstavljanje-Bijele-Knjige-57-2048x1365.jpg 2048w, https:\/\/www.ficc.hr\/wp-content\/uploads\/2024\/03\/Predstavljanje-Bijele-Knjige-57-18x12.jpg 18w\" sizes=\"(max-width: 2560px) 100vw, 2560px\" \/>\n            <\/div>\n        <\/div><div class=\"eael-entry-wrapper\"><header class=\"eael-entry-header\"><h2 class=\"eael-entry-title\"><a class=\"eael-grid-post-link\" href=\"https:\/\/www.ficc.hr\/en\/news\/predstavljena-bijele-knjige-2024\/\" title=\"Predstavljena Bijela Knjiga 2024\">Predstavljena Bijela Knjiga 2024<\/a><\/h2><\/header><div class=\"eael-entry-content\">\n                        <div class=\"eael-grid-post-excerpt\"><a href=\"https:\/\/www.ficc.hr\/en\/news\/predstavljena-bijele-knjige-2024\/\" class=\"eael-post-elements-readmore-btn\">Read more<\/a><\/div>\n                    <\/div><div class=\"eael-entry-footer\"><div class=\"eael-entry-meta\"><span class=\"eael-posted-on\"><time datetime=\"28\/02\/2024\">28\/02\/2024<\/time><\/span><\/div><\/div><\/div><\/div>\n        <\/div>\n    <\/article><article class=\"eael-grid-post  eael-post-grid-column eael-pg-post-7601 category-news-novosti\" data-id=\"7601\">\n        <div class=\"eael-grid-post-holder\">\n            <div class=\"eael-grid-post-holder-inner\"><div class=\"eael-entry-media\"><div class=\"eael-entry-overlay fade-in\"><i class=\"fas fa-long-arrow-alt-right\" aria-hidden=\"true\"><\/i><a href=\"https:\/\/www.ficc.hr\/en\/news\/predstavljanje-bijele-knjige-2024\/\"><\/a><\/div><div class=\"eael-entry-thumbnail\">\n                <img loading=\"lazy\" decoding=\"async\" width=\"227\" height=\"71\" src=\"https:\/\/www.ficc.hr\/wp-content\/uploads\/2024\/02\/Bijela-knjiga-predstavljanje-2.png\" class=\"attachment-full size-full wp-image-7612\" alt=\"\" srcset=\"https:\/\/www.ficc.hr\/wp-content\/uploads\/2024\/02\/Bijela-knjiga-predstavljanje-2.png 227w, https:\/\/www.ficc.hr\/wp-content\/uploads\/2024\/02\/Bijela-knjiga-predstavljanje-2-18x6.png 18w\" sizes=\"(max-width: 227px) 100vw, 227px\" \/>\n            <\/div>\n        <\/div><div class=\"eael-entry-wrapper\"><header class=\"eael-entry-header\"><h2 class=\"eael-entry-title\"><a class=\"eael-grid-post-link\" href=\"https:\/\/www.ficc.hr\/en\/news\/predstavljanje-bijele-knjige-2024\/\" title=\"Presentation of the 2024 White Book\">Presentation of the 2024 White Book<\/a><\/h2><\/header><div class=\"eael-entry-content\">\n                        <div class=\"eael-grid-post-excerpt\"><a href=\"https:\/\/www.ficc.hr\/en\/news\/predstavljanje-bijele-knjige-2024\/\" class=\"eael-post-elements-readmore-btn\">Read more<\/a><\/div>\n                    <\/div><div class=\"eael-entry-footer\"><div class=\"eael-entry-meta\"><span class=\"eael-posted-on\"><time datetime=\"10\/02\/2024\">10\/02\/2024<\/time><\/span><\/div><\/div><\/div><\/div>\n        <\/div>\n    <\/article><\/div>\n            <div class=\"clearfix\"><\/div>\n        <\/div>            <div class=\"eael-load-more-button-wrap eael-force-hide\">\n                <button class=\"eael-load-more-button\" id=\"eael-load-more-btn-10988ca\" data-widget-id=\"10988ca\" data-widget=\"10988ca\" data-page-id=\"4047\" data-template=\"{&quot;dir&quot;:&quot;lite&quot;,&quot;file_name&quot;:&quot;one.php&quot;,&quot;name&quot;:&quot;Post-Grid&quot;}\" data-class=\"Essential_Addons_Elementor\\Elements\\Post_Grid\" data-layout=\"grid\" data-page=\"1\" data-args=\"orderby=date&amp;order=desc&amp;ignore_sticky_posts=1&amp;post_status=publish&amp;posts_per_page=3&amp;offset=0&amp;post_type=post&amp;tax_query%5B0%5D%5Btaxonomy%5D=category&amp;tax_query%5B0%5D%5Bfield%5D=term_id&amp;tax_query%5B0%5D%5Bterms%5D%5B0%5D=12&amp;tax_query%5Brelation%5D=AND\" data-max-page=\"15\">\n                    <span class=\"eael-btn-loader button__loader\"><\/span>\n                    <span class=\"eael_load_more_text\">Load More<\/span>\n                <\/button>\n            <\/div>\n            \t\t\t\t<\/div>\n\t\t\t\t<\/div>\n\t\t\t\t\t<\/div>\n\t\t<\/div>\n\t\t\t\t\t<\/div>\n\t\t<\/section>\n\t\t\t\t<\/div>\n\t\t\t\t\t\t<\/div>\n\t\t\t\t<\/div>\n\t\t\t\t\t<\/div>\n\t\t<\/div>\n\t\t\t\t\t<\/div>\n\t\t<\/section>\n\t\t\t\t<\/div>","protected":false},"excerpt":{"rendered":"<p>NOVOSTI Trebamo raditi na promjeni percepcije Hrvatske kao destinacije za ulaganja 28\/3\/2019 U organizaciji Udru\u017eenja stranih ulaga\u010da i i Ve\u010dernjeg lista, Poslovnog dnevnika i 24sata, te uz visoko prokroviteljstvo Predsjednice Republike Hrvatske Kolinde Grabar-Kitarovi\u0107, 18. o\u017eujka je odr\u017eana me\u0111unarodna konferencija \u201cInvestCro: Investicijske (ne) prilike u Hrvatskoj\u201d. Zlatni sponzor konferencije bila je Hrvatska elektroprivreda d.d. (HEP [&hellip;]<\/p>\n","protected":false},"author":2,"featured_media":3562,"comment_status":"closed","ping_status":"open","sticky":false,"template":"elementor_header_footer","format":"standard","meta":{"site-sidebar-layout":"right-sidebar","site-content-layout":"default","ast-site-content-layout":"default","site-content-style":"default","site-sidebar-style":"default","ast-global-header-display":"","ast-banner-title-visibility":"","ast-main-header-display":"","ast-hfb-above-header-display":"","ast-hfb-below-header-display":"","ast-hfb-mobile-header-display":"","site-post-title":"","ast-breadcrumbs-content":"","ast-featured-img":"","footer-sml-layout":"","ast-disable-related-posts":"","theme-transparent-header-meta":"default","adv-header-id-meta":"","stick-header-meta":"","header-above-stick-meta":"","header-main-stick-meta":"","header-below-stick-meta":"","astra-migrate-meta-layouts":"default","ast-page-background-enabled":"default","ast-page-background-meta":{"desktop":{"background-color":"","background-image":"","background-repeat":"repeat","background-position":"center center","background-size":"auto","background-attachment":"scroll","background-type":"","background-media":"","overlay-type":"","overlay-color":"","overlay-opacity":"","overlay-gradient":""},"tablet":{"background-color":"","background-image":"","background-repeat":"repeat","background-position":"center center","background-size":"auto","background-attachment":"scroll","background-type":"","background-media":"","overlay-type":"","overlay-color":"","overlay-opacity":"","overlay-gradient":""},"mobile":{"background-color":"","background-image":"","background-repeat":"repeat","background-position":"center center","background-size":"auto","background-attachment":"scroll","background-type":"","background-media":"","overlay-type":"","overlay-color":"","overlay-opacity":"","overlay-gradient":""}},"ast-content-background-meta":{"desktop":{"background-color":"var(--ast-global-color-5)","background-image":"","background-repeat":"repeat","background-position":"center center","background-size":"auto","background-attachment":"scroll","background-type":"","background-media":"","overlay-type":"","overlay-color":"","overlay-opacity":"","overlay-gradient":""},"tablet":{"background-color":"var(--ast-global-color-5)","background-image":"","background-repeat":"repeat","background-position":"center center","background-size":"auto","background-attachment":"scroll","background-type":"","background-media":"","overlay-type":"","overlay-color":"","overlay-opacity":"","overlay-gradient":""},"mobile":{"background-color":"var(--ast-global-color-5)","background-image":"","background-repeat":"repeat","background-position":"center center","background-size":"auto","background-attachment":"scroll","background-type":"","background-media":"","overlay-type":"","overlay-color":"","overlay-opacity":"","overlay-gradient":""}},"footnotes":""},"categories":[12],"tags":[],"class_list":["post-5081","post","type-post","status-publish","format-standard","has-post-thumbnail","hentry","category-novosti"],"_links":{"self":[{"href":"https:\/\/www.ficc.hr\/en\/wp-json\/wp\/v2\/posts\/5081","targetHints":{"allow":["GET"]}}],"collection":[{"href":"https:\/\/www.ficc.hr\/en\/wp-json\/wp\/v2\/posts"}],"about":[{"href":"https:\/\/www.ficc.hr\/en\/wp-json\/wp\/v2\/types\/post"}],"author":[{"embeddable":true,"href":"https:\/\/www.ficc.hr\/en\/wp-json\/wp\/v2\/users\/2"}],"replies":[{"embeddable":true,"href":"https:\/\/www.ficc.hr\/en\/wp-json\/wp\/v2\/comments?post=5081"}],"version-history":[{"count":9,"href":"https:\/\/www.ficc.hr\/en\/wp-json\/wp\/v2\/posts\/5081\/revisions"}],"predecessor-version":[{"id":5423,"href":"https:\/\/www.ficc.hr\/en\/wp-json\/wp\/v2\/posts\/5081\/revisions\/5423"}],"wp:featuredmedia":[{"embeddable":true,"href":"https:\/\/www.ficc.hr\/en\/wp-json\/wp\/v2\/media\/3562"}],"wp:attachment":[{"href":"https:\/\/www.ficc.hr\/en\/wp-json\/wp\/v2\/media?parent=5081"}],"wp:term":[{"taxonomy":"category","embeddable":true,"href":"https:\/\/www.ficc.hr\/en\/wp-json\/wp\/v2\/categories?post=5081"},{"taxonomy":"post_tag","embeddable":true,"href":"https:\/\/www.ficc.hr\/en\/wp-json\/wp\/v2\/tags?post=5081"}],"curies":[{"name":"wp","href":"https:\/\/api.w.org\/{rel}","templated":true}]}}