{"id":6016,"date":"2017-07-19T17:31:00","date_gmt":"2017-07-19T17:31:00","guid":{"rendered":"http:\/\/www.ficc.hr\/uncategorized\/top-10-hrvatskih-tvrtki-ina-najbolja-lidl-skocio-za-100-mjesta-copy\/"},"modified":"2021-03-30T17:25:14","modified_gmt":"2021-03-30T17:25:14","slug":"d-resort-sibenik-iz-sastava-dogus-grupe-usao-u-globalni-lanac-najpoznatijih-luksuznih-hotela","status":"publish","type":"post","link":"https:\/\/www.ficc.hr\/en\/novosti-za-clanove\/d-resort-sibenik-iz-sastava-dogus-grupe-usao-u-globalni-lanac-najpoznatijih-luksuznih-hotela\/","title":{"rendered":"D-Resort \u0160ibenik from of the Dogus Group entered the global chain of the most famous luxury hotels"},"content":{"rendered":"<div data-elementor-type=\"wp-post\" data-elementor-id=\"6016\" class=\"elementor elementor-6016\">\n\t\t\t\t\t\t<section class=\"elementor-section elementor-top-section elementor-element elementor-element-92bab6b elementor-section-full_width elementor-section-height-min-height elementor-section-stretched elementor-section-height-default elementor-section-items-middle\" data-id=\"92bab6b\" data-element_type=\"section\" data-e-type=\"section\" data-settings=\"{&quot;background_background&quot;:&quot;classic&quot;,&quot;stretch_section&quot;:&quot;section-stretched&quot;}\">\n\t\t\t\t\t\t\t<div class=\"elementor-background-overlay\"><\/div>\n\t\t\t\t\t\t\t<div class=\"elementor-container elementor-column-gap-no\">\n\t\t\t\t\t<div class=\"elementor-column elementor-col-100 elementor-top-column elementor-element elementor-element-0abf0a1\" data-id=\"0abf0a1\" data-element_type=\"column\" data-e-type=\"column\">\n\t\t\t<div class=\"elementor-widget-wrap elementor-element-populated\">\n\t\t\t\t\t\t<section class=\"elementor-section elementor-inner-section elementor-element elementor-element-200f4e0 elementor-section-boxed elementor-section-height-default elementor-section-height-default\" data-id=\"200f4e0\" data-element_type=\"section\" data-e-type=\"section\">\n\t\t\t\t\t\t<div class=\"elementor-container elementor-column-gap-default\">\n\t\t\t\t\t<div class=\"elementor-column elementor-col-100 elementor-inner-column elementor-element elementor-element-4b779ac\" data-id=\"4b779ac\" data-element_type=\"column\" data-e-type=\"column\">\n\t\t\t<div class=\"elementor-widget-wrap elementor-element-populated\">\n\t\t\t\t\t\t<div class=\"elementor-element elementor-element-125a591 elementor-widget elementor-widget-heading\" data-id=\"125a591\" data-element_type=\"widget\" data-e-type=\"widget\" data-widget_type=\"heading.default\">\n\t\t\t\t<div class=\"elementor-widget-container\">\n\t\t\t\t\t<h1 class=\"elementor-heading-title elementor-size-default\">MEMBER NEWS<\/h1>\t\t\t\t<\/div>\n\t\t\t\t<\/div>\n\t\t\t\t\t<\/div>\n\t\t<\/div>\n\t\t\t\t\t<\/div>\n\t\t<\/section>\n\t\t\t\t\t<\/div>\n\t\t<\/div>\n\t\t\t\t\t<\/div>\n\t\t<\/section>\n\t\t\t\t<section class=\"elementor-section elementor-top-section elementor-element elementor-element-338f20da elementor-section-boxed elementor-section-height-default elementor-section-height-default\" data-id=\"338f20da\" data-element_type=\"section\" data-e-type=\"section\">\n\t\t\t\t\t\t<div class=\"elementor-container elementor-column-gap-default\">\n\t\t\t\t\t<div class=\"elementor-column elementor-col-50 elementor-top-column elementor-element elementor-element-51f5a2ea\" data-id=\"51f5a2ea\" data-element_type=\"column\" data-e-type=\"column\">\n\t\t\t<div class=\"elementor-widget-wrap elementor-element-populated\">\n\t\t\t\t\t\t<div class=\"elementor-element elementor-element-7ccdb96 elementor-widget elementor-widget-heading\" data-id=\"7ccdb96\" data-element_type=\"widget\" data-e-type=\"widget\" data-widget_type=\"heading.default\">\n\t\t\t\t<div class=\"elementor-widget-container\">\n\t\t\t\t\t<h2 class=\"elementor-heading-title elementor-size-default\">D-Resort \u0160ibenik from of the Dogus Group entered the global chain of the most famous luxury hotels<\/h2>\t\t\t\t<\/div>\n\t\t\t\t<\/div>\n\t\t\t\t<div class=\"elementor-element elementor-element-237d1876 elementor-widget elementor-widget-text-editor\" data-id=\"237d1876\" data-element_type=\"widget\" data-e-type=\"widget\" data-widget_type=\"text-editor.default\">\n\t\t\t\t<div class=\"elementor-widget-container\">\n\t\t\t\t\t\t\t\t\t<p><em>19\/07\/2017<\/em><\/p>\t\t\t\t\t\t\t\t<\/div>\n\t\t\t\t<\/div>\n\t\t\t\t<div class=\"elementor-element elementor-element-b17d5b7 elementor-widget elementor-widget-image\" data-id=\"b17d5b7\" data-element_type=\"widget\" data-e-type=\"widget\" data-widget_type=\"image.default\">\n\t\t\t\t<div class=\"elementor-widget-container\">\n\t\t\t\t\t\t\t\t\t\t\t\t<figure class=\"wp-caption\">\n\t\t\t\t\t\t\t\t\t\t<img fetchpriority=\"high\" decoding=\"async\" width=\"930\" height=\"500\" src=\"https:\/\/www.ficc.hr\/wp-content\/uploads\/2017\/01\/Dogus_logo.png\" class=\"attachment-full size-full wp-image-2682\" alt=\"\" srcset=\"https:\/\/www.ficc.hr\/wp-content\/uploads\/2017\/01\/Dogus_logo.png 930w, https:\/\/www.ficc.hr\/wp-content\/uploads\/2017\/01\/Dogus_logo-300x161.png 300w, https:\/\/www.ficc.hr\/wp-content\/uploads\/2017\/01\/Dogus_logo-768x413.png 768w, https:\/\/www.ficc.hr\/wp-content\/uploads\/2017\/01\/Dogus_logo-750x403.png 750w\" sizes=\"(max-width: 930px) 100vw, 930px\" \/>\t\t\t\t\t\t\t\t\t\t\t<figcaption class=\"widget-image-caption wp-caption-text\"><\/figcaption>\n\t\t\t\t\t\t\t\t\t\t<\/figure>\n\t\t\t\t\t\t\t\t\t<\/div>\n\t\t\t\t<\/div>\n\t\t\t\t<div class=\"elementor-element elementor-element-181defc elementor-widget elementor-widget-text-editor\" data-id=\"181defc\" data-element_type=\"widget\" data-e-type=\"widget\" data-widget_type=\"text-editor.default\">\n\t\t\t\t<div class=\"elementor-widget-container\">\n\t\t\t\t\t\t\t\t\t<div class=\"entry-content clear\"><p>The D-Resort \u0160ibenik from Dogus Group from the beginning of the year to the middle of July recorded 81 percent more overnight stays than last year, and the other facilities of this group in Croatia have grown in almost all segments of business and expect an excellent season, according to the group.<\/p><p>https:\/\/lider.media\/aktualno\/biznis-i-politika\/hrvatska\/d-resort-sibenik-iz-sastava-dogus-grupe-usao-u-globalni-lanac-najpoznatijih-luksuznih-hotela\/<\/p><\/div>\t\t\t\t\t\t\t\t<\/div>\n\t\t\t\t<\/div>\n\t\t\t\t\t<\/div>\n\t\t<\/div>\n\t\t\t\t<div class=\"elementor-column elementor-col-50 elementor-top-column elementor-element elementor-element-8d1f26b\" data-id=\"8d1f26b\" data-element_type=\"column\" data-e-type=\"column\">\n\t\t\t<div class=\"elementor-widget-wrap elementor-element-populated\">\n\t\t\t\t\t\t<div class=\"elementor-element elementor-element-5f47f47 elementor-widget elementor-widget-html\" data-id=\"5f47f47\" data-element_type=\"widget\" data-e-type=\"widget\" data-widget_type=\"html.default\">\n\t\t\t\t<div class=\"elementor-widget-container\">\n\t\t\t\t\t\t\t<div data-elementor-type=\"wp-post\" data-elementor-id=\"5580\" class=\"elementor elementor-5580\">\n\t\t\t\t\t\t<section class=\"elementor-section elementor-top-section elementor-element elementor-element-cbb6549 elementor-section-boxed elementor-section-height-default elementor-section-height-default\" data-id=\"cbb6549\" data-element_type=\"section\" data-e-type=\"section\">\n\t\t\t\t\t\t<div class=\"elementor-container elementor-column-gap-default\">\n\t\t\t\t\t<div class=\"elementor-column elementor-col-100 elementor-top-column elementor-element elementor-element-b8cf8f8\" data-id=\"b8cf8f8\" data-element_type=\"column\" data-e-type=\"column\">\n\t\t\t<div class=\"elementor-widget-wrap elementor-element-populated\">\n\t\t\t\t\t\t<div class=\"elementor-element elementor-element-6aa1986 elementor-widget elementor-widget-heading\" data-id=\"6aa1986\" data-element_type=\"widget\" data-e-type=\"widget\" data-widget_type=\"heading.default\">\n\t\t\t\t<div class=\"elementor-widget-container\">\n\t\t\t\t\t<h2 class=\"elementor-heading-title elementor-size-default\">Latest news<\/h2>\t\t\t\t<\/div>\n\t\t\t\t<\/div>\n\t\t\t\t<div class=\"elementor-element elementor-element-10988ca elementor-grid-eael-col-1 elementor-grid-tablet-eael-col-2 elementor-grid-mobile-eael-col-1 elementor-widget elementor-widget-eael-post-grid\" data-id=\"10988ca\" data-element_type=\"widget\" data-e-type=\"widget\" data-settings=\"{&quot;eael_post_grid_columns&quot;:&quot;eael-col-1&quot;,&quot;eael_post_grid_columns_tablet&quot;:&quot;eael-col-2&quot;,&quot;eael_post_grid_columns_mobile&quot;:&quot;eael-col-1&quot;}\" data-widget_type=\"eael-post-grid.default\">\n\t\t\t\t<div class=\"elementor-widget-container\">\n\t\t\t\t\t<div id=\"eael-post-grid-10988ca\" class=\"eael-post-grid-container\">\n            <div class=\"eael-post-grid eael-post-appender eael-post-appender-10988ca eael-post-grid-style-one\" data-layout-mode=\"grid\"><article class=\"eael-grid-post  eael-post-grid-column eael-pg-post-5722 category-novosti-za-clanove\" data-id=\"5722\">\n        <div class=\"eael-grid-post-holder\">\n            <div class=\"eael-grid-post-holder-inner\"><div class=\"eael-entry-media\"><div class=\"eael-entry-overlay fade-in\"><i class=\"fas fa-long-arrow-alt-right\" aria-hidden=\"true\"><\/i><a href=\"https:\/\/www.ficc.hr\/en\/novosti-za-clanove\/tele2-u-2017-godini-ostvario-rast-ukupnih-prihoda-od-7-posto\/\"><\/a><\/div><div class=\"eael-entry-thumbnail\">\n                <img decoding=\"async\" width=\"930\" height=\"500\" src=\"https:\/\/www.ficc.hr\/wp-content\/uploads\/2015\/11\/logotipi_930x500_4.png\" class=\"attachment-full size-full wp-image-1077\" alt=\"\" srcset=\"https:\/\/www.ficc.hr\/wp-content\/uploads\/2015\/11\/logotipi_930x500_4.png 930w, https:\/\/www.ficc.hr\/wp-content\/uploads\/2015\/11\/logotipi_930x500_4-300x161.png 300w, https:\/\/www.ficc.hr\/wp-content\/uploads\/2015\/11\/logotipi_930x500_4-768x413.png 768w, https:\/\/www.ficc.hr\/wp-content\/uploads\/2015\/11\/logotipi_930x500_4-750x403.png 750w\" sizes=\"(max-width: 930px) 100vw, 930px\" \/>\n            <\/div>\n        <\/div><div class=\"eael-entry-wrapper\"><header class=\"eael-entry-header\"><h2 class=\"eael-entry-title\"><a class=\"eael-grid-post-link\" href=\"https:\/\/www.ficc.hr\/en\/novosti-za-clanove\/tele2-u-2017-godini-ostvario-rast-ukupnih-prihoda-od-7-posto\/\" title=\"Tele2 achieved a growth of 7 percent in 2017\">Tele2 achieved a growth of 7 percent in 2017<\/a><\/h2><\/header><div class=\"eael-entry-content\">\n                        <div class=\"eael-grid-post-excerpt\"><a href=\"https:\/\/www.ficc.hr\/en\/novosti-za-clanove\/tele2-u-2017-godini-ostvario-rast-ukupnih-prihoda-od-7-posto\/\" class=\"eael-post-elements-readmore-btn\">Read more<\/a><\/div>\n                    <\/div><div class=\"eael-entry-footer\"><div class=\"eael-entry-meta\"><span class=\"eael-posted-on\"><time datetime=\"23\/02\/2018\">23\/02\/2018<\/time><\/span><\/div><\/div><\/div><\/div>\n        <\/div>\n    <\/article><article class=\"eael-grid-post  eael-post-grid-column eael-pg-post-5710 category-novosti-za-clanove\" data-id=\"5710\">\n        <div class=\"eael-grid-post-holder\">\n            <div class=\"eael-grid-post-holder-inner\"><div class=\"eael-entry-media\"><div class=\"eael-entry-overlay fade-in\"><i class=\"fas fa-long-arrow-alt-right\" aria-hidden=\"true\"><\/i><a href=\"https:\/\/www.ficc.hr\/en\/novosti-za-clanove\/addiko-banka-otvorila-prvu-digitalnu-express-poslovnicu-u-hrvatskoj\/\"><\/a><\/div><div class=\"eael-entry-thumbnail\">\n                <img decoding=\"async\" width=\"930\" height=\"500\" src=\"https:\/\/www.ficc.hr\/wp-content\/uploads\/2016\/10\/logotipi_930x500_15.png\" class=\"attachment-full size-full wp-image-1086\" alt=\"\" srcset=\"https:\/\/www.ficc.hr\/wp-content\/uploads\/2016\/10\/logotipi_930x500_15.png 930w, https:\/\/www.ficc.hr\/wp-content\/uploads\/2016\/10\/logotipi_930x500_15-300x161.png 300w, https:\/\/www.ficc.hr\/wp-content\/uploads\/2016\/10\/logotipi_930x500_15-768x413.png 768w, https:\/\/www.ficc.hr\/wp-content\/uploads\/2016\/10\/logotipi_930x500_15-750x403.png 750w\" sizes=\"(max-width: 930px) 100vw, 930px\" \/>\n            <\/div>\n        <\/div><div class=\"eael-entry-wrapper\"><header class=\"eael-entry-header\"><h2 class=\"eael-entry-title\"><a class=\"eael-grid-post-link\" href=\"https:\/\/www.ficc.hr\/en\/novosti-za-clanove\/addiko-banka-otvorila-prvu-digitalnu-express-poslovnicu-u-hrvatskoj\/\" title=\"Addiko banka opened its first digital Express branch in Croatia\">Addiko banka opened its first digital Express branch in Croatia<\/a><\/h2><\/header><div class=\"eael-entry-content\">\n                        <div class=\"eael-grid-post-excerpt\"><a href=\"https:\/\/www.ficc.hr\/en\/novosti-za-clanove\/addiko-banka-otvorila-prvu-digitalnu-express-poslovnicu-u-hrvatskoj\/\" class=\"eael-post-elements-readmore-btn\">Read more<\/a><\/div>\n                    <\/div><div class=\"eael-entry-footer\"><div class=\"eael-entry-meta\"><span class=\"eael-posted-on\"><time datetime=\"23\/02\/2018\">23\/02\/2018<\/time><\/span><\/div><\/div><\/div><\/div>\n        <\/div>\n    <\/article><article class=\"eael-grid-post  eael-post-grid-column eael-pg-post-5700 category-novosti-za-clanove\" data-id=\"5700\">\n        <div class=\"eael-grid-post-holder\">\n            <div class=\"eael-grid-post-holder-inner\"><div class=\"eael-entry-media\"><div class=\"eael-entry-overlay fade-in\"><i class=\"fas fa-long-arrow-alt-right\" aria-hidden=\"true\"><\/i><a href=\"https:\/\/www.ficc.hr\/en\/novosti-za-clanove\/hrvatski-telekom-ponovno-primio-certifikat-poslodavac-partner\/\"><\/a><\/div><div class=\"eael-entry-thumbnail\">\n                <img loading=\"lazy\" decoding=\"async\" width=\"930\" height=\"500\" src=\"https:\/\/www.ficc.hr\/wp-content\/uploads\/2016\/05\/logotipi_930x500_16.png\" class=\"attachment-full size-full wp-image-1061\" alt=\"\" srcset=\"https:\/\/www.ficc.hr\/wp-content\/uploads\/2016\/05\/logotipi_930x500_16.png 930w, https:\/\/www.ficc.hr\/wp-content\/uploads\/2016\/05\/logotipi_930x500_16-300x161.png 300w, https:\/\/www.ficc.hr\/wp-content\/uploads\/2016\/05\/logotipi_930x500_16-768x413.png 768w, https:\/\/www.ficc.hr\/wp-content\/uploads\/2016\/05\/logotipi_930x500_16-750x403.png 750w\" sizes=\"(max-width: 930px) 100vw, 930px\" \/>\n            <\/div>\n        <\/div><div class=\"eael-entry-wrapper\"><header class=\"eael-entry-header\"><h2 class=\"eael-entry-title\"><a class=\"eael-grid-post-link\" href=\"https:\/\/www.ficc.hr\/en\/novosti-za-clanove\/hrvatski-telekom-ponovno-primio-certifikat-poslodavac-partner\/\" title=\"Hrvatski Telekom has again received the Employer Partner Certificate\">Hrvatski Telekom has again received the Employer Partner Certificate<\/a><\/h2><\/header><div class=\"eael-entry-content\">\n                        <div class=\"eael-grid-post-excerpt\"><a href=\"https:\/\/www.ficc.hr\/en\/novosti-za-clanove\/hrvatski-telekom-ponovno-primio-certifikat-poslodavac-partner\/\" class=\"eael-post-elements-readmore-btn\">Read more<\/a><\/div>\n                    <\/div><div class=\"eael-entry-footer\"><div class=\"eael-entry-meta\"><span class=\"eael-posted-on\"><time datetime=\"23\/02\/2018\">23\/02\/2018<\/time><\/span><\/div><\/div><\/div><\/div>\n        <\/div>\n    <\/article><\/div>\n            <div class=\"clearfix\"><\/div>\n        <\/div>            <div class=\"eael-load-more-button-wrap eael-force-hide\">\n                <button class=\"eael-load-more-button\" id=\"eael-load-more-btn-10988ca\" data-widget-id=\"10988ca\" data-widget=\"10988ca\" data-page-id=\"5580\" data-template=\"{&quot;dir&quot;:&quot;lite&quot;,&quot;file_name&quot;:&quot;one.php&quot;,&quot;name&quot;:&quot;Post-Grid&quot;}\" data-class=\"Essential_Addons_Elementor\\Elements\\Post_Grid\" data-layout=\"grid\" data-page=\"1\" data-args=\"orderby=date&amp;order=desc&amp;ignore_sticky_posts=1&amp;post_status=publish&amp;posts_per_page=3&amp;offset=0&amp;post_type=post&amp;tax_query%5B0%5D%5Btaxonomy%5D=category&amp;tax_query%5B0%5D%5Bfield%5D=term_id&amp;tax_query%5B0%5D%5Bterms%5D%5B0%5D=13&amp;tax_query%5Brelation%5D=AND\" data-max-page=\"33\">\n                    <span class=\"eael-btn-loader button__loader\"><\/span>\n                    <span class=\"eael_load_more_text\">Load More<\/span>\n                <\/button>\n            <\/div>\n            \t\t\t\t<\/div>\n\t\t\t\t<\/div>\n\t\t\t\t\t<\/div>\n\t\t<\/div>\n\t\t\t\t\t<\/div>\n\t\t<\/section>\n\t\t\t\t<\/div>\n\t\t\t\t\t\t<\/div>\n\t\t\t\t<\/div>\n\t\t\t\t\t<\/div>\n\t\t<\/div>\n\t\t\t\t\t<\/div>\n\t\t<\/section>\n\t\t\t\t<\/div>","protected":false},"excerpt":{"rendered":"<p>NOVOSTI O \u010cLANOVIMA D-Resort \u0160ibenik iz sastava Dogus grupe u\u0161ao u globalni lanac najpoznatijih luksuznih hotela 19\/07\/2017 D-Resort \u0160ibenik iz sastava Dogus grupe od po\u010detka godine do sredine srpnja zabilje\u017eio je 81 posto vi\u0161e no\u0107enja nego lani, a i drugi objekti te grupe u Hrvatskoj imaju poraste u gotovo svim segmentima poslovanja, pa o\u010dekuju i [&hellip;]<\/p>\n","protected":false},"author":2,"featured_media":2682,"comment_status":"closed","ping_status":"open","sticky":false,"template":"elementor_header_footer","format":"standard","meta":{"site-sidebar-layout":"right-sidebar","site-content-layout":"default","ast-site-content-layout":"default","site-content-style":"default","site-sidebar-style":"default","ast-global-header-display":"","ast-banner-title-visibility":"","ast-main-header-display":"","ast-hfb-above-header-display":"","ast-hfb-below-header-display":"","ast-hfb-mobile-header-display":"","site-post-title":"","ast-breadcrumbs-content":"","ast-featured-img":"","footer-sml-layout":"","ast-disable-related-posts":"","theme-transparent-header-meta":"default","adv-header-id-meta":"","stick-header-meta":"","header-above-stick-meta":"","header-main-stick-meta":"","header-below-stick-meta":"","astra-migrate-meta-layouts":"default","ast-page-background-enabled":"default","ast-page-background-meta":{"desktop":{"background-color":"","background-image":"","background-repeat":"repeat","background-position":"center center","background-size":"auto","background-attachment":"scroll","background-type":"","background-media":"","overlay-type":"","overlay-color":"","overlay-opacity":"","overlay-gradient":""},"tablet":{"background-color":"","background-image":"","background-repeat":"repeat","background-position":"center center","background-size":"auto","background-attachment":"scroll","background-type":"","background-media":"","overlay-type":"","overlay-color":"","overlay-opacity":"","overlay-gradient":""},"mobile":{"background-color":"","background-image":"","background-repeat":"repeat","background-position":"center center","background-size":"auto","background-attachment":"scroll","background-type":"","background-media":"","overlay-type":"","overlay-color":"","overlay-opacity":"","overlay-gradient":""}},"ast-content-background-meta":{"desktop":{"background-color":"var(--ast-global-color-5)","background-image":"","background-repeat":"repeat","background-position":"center center","background-size":"auto","background-attachment":"scroll","background-type":"","background-media":"","overlay-type":"","overlay-color":"","overlay-opacity":"","overlay-gradient":""},"tablet":{"background-color":"var(--ast-global-color-5)","background-image":"","background-repeat":"repeat","background-position":"center center","background-size":"auto","background-attachment":"scroll","background-type":"","background-media":"","overlay-type":"","overlay-color":"","overlay-opacity":"","overlay-gradient":""},"mobile":{"background-color":"var(--ast-global-color-5)","background-image":"","background-repeat":"repeat","background-position":"center center","background-size":"auto","background-attachment":"scroll","background-type":"","background-media":"","overlay-type":"","overlay-color":"","overlay-opacity":"","overlay-gradient":""}},"footnotes":""},"categories":[13],"tags":[],"class_list":["post-6016","post","type-post","status-publish","format-standard","has-post-thumbnail","hentry","category-novosti-za-clanove"],"_links":{"self":[{"href":"https:\/\/www.ficc.hr\/en\/wp-json\/wp\/v2\/posts\/6016","targetHints":{"allow":["GET"]}}],"collection":[{"href":"https:\/\/www.ficc.hr\/en\/wp-json\/wp\/v2\/posts"}],"about":[{"href":"https:\/\/www.ficc.hr\/en\/wp-json\/wp\/v2\/types\/post"}],"author":[{"embeddable":true,"href":"https:\/\/www.ficc.hr\/en\/wp-json\/wp\/v2\/users\/2"}],"replies":[{"embeddable":true,"href":"https:\/\/www.ficc.hr\/en\/wp-json\/wp\/v2\/comments?post=6016"}],"version-history":[{"count":8,"href":"https:\/\/www.ficc.hr\/en\/wp-json\/wp\/v2\/posts\/6016\/revisions"}],"predecessor-version":[{"id":6034,"href":"https:\/\/www.ficc.hr\/en\/wp-json\/wp\/v2\/posts\/6016\/revisions\/6034"}],"wp:featuredmedia":[{"embeddable":true,"href":"https:\/\/www.ficc.hr\/en\/wp-json\/wp\/v2\/media\/2682"}],"wp:attachment":[{"href":"https:\/\/www.ficc.hr\/en\/wp-json\/wp\/v2\/media?parent=6016"}],"wp:term":[{"taxonomy":"category","embeddable":true,"href":"https:\/\/www.ficc.hr\/en\/wp-json\/wp\/v2\/categories?post=6016"},{"taxonomy":"post_tag","embeddable":true,"href":"https:\/\/www.ficc.hr\/en\/wp-json\/wp\/v2\/tags?post=6016"}],"curies":[{"name":"wp","href":"https:\/\/api.w.org\/{rel}","templated":true}]}}