{"id":6152,"date":"2017-01-10T18:03:00","date_gmt":"2017-01-10T18:03:00","guid":{"rendered":"http:\/\/www.ficc.hr\/uncategorized\/plivinih-devedeset-i-pet-godina-izvrsnosti-copy\/"},"modified":"2021-03-31T08:04:31","modified_gmt":"2021-03-31T08:04:31","slug":"najveca-akvizicija-domaceg-telekoma-ht-preuzeo-crnogorski-telekom-za-1235-milijuna-eura","status":"publish","type":"post","link":"https:\/\/www.ficc.hr\/en\/novosti-za-clanove\/najveca-akvizicija-domaceg-telekoma-ht-preuzeo-crnogorski-telekom-za-1235-milijuna-eura\/","title":{"rendered":"The biggest acquisition of the domestic telecom: HT took Crnogorski Telekom for 123.5 million euros"},"content":{"rendered":"<div data-elementor-type=\"wp-post\" data-elementor-id=\"6152\" class=\"elementor elementor-6152\">\n\t\t\t\t\t\t<section class=\"elementor-section elementor-top-section elementor-element elementor-element-92bab6b elementor-section-full_width elementor-section-height-min-height elementor-section-stretched elementor-section-height-default elementor-section-items-middle\" data-id=\"92bab6b\" data-element_type=\"section\" data-e-type=\"section\" data-settings=\"{&quot;background_background&quot;:&quot;classic&quot;,&quot;stretch_section&quot;:&quot;section-stretched&quot;}\">\n\t\t\t\t\t\t\t<div class=\"elementor-background-overlay\"><\/div>\n\t\t\t\t\t\t\t<div class=\"elementor-container elementor-column-gap-no\">\n\t\t\t\t\t<div class=\"elementor-column elementor-col-100 elementor-top-column elementor-element elementor-element-0abf0a1\" data-id=\"0abf0a1\" data-element_type=\"column\" data-e-type=\"column\">\n\t\t\t<div class=\"elementor-widget-wrap elementor-element-populated\">\n\t\t\t\t\t\t<section class=\"elementor-section elementor-inner-section elementor-element elementor-element-200f4e0 elementor-section-boxed elementor-section-height-default elementor-section-height-default\" data-id=\"200f4e0\" data-element_type=\"section\" data-e-type=\"section\">\n\t\t\t\t\t\t<div class=\"elementor-container elementor-column-gap-default\">\n\t\t\t\t\t<div class=\"elementor-column elementor-col-100 elementor-inner-column elementor-element elementor-element-4b779ac\" data-id=\"4b779ac\" data-element_type=\"column\" data-e-type=\"column\">\n\t\t\t<div class=\"elementor-widget-wrap elementor-element-populated\">\n\t\t\t\t\t\t<div class=\"elementor-element elementor-element-125a591 elementor-widget elementor-widget-heading\" data-id=\"125a591\" data-element_type=\"widget\" data-e-type=\"widget\" data-widget_type=\"heading.default\">\n\t\t\t\t<div class=\"elementor-widget-container\">\n\t\t\t\t\t<h1 class=\"elementor-heading-title elementor-size-default\">MEMBER NEWS<\/h1>\t\t\t\t<\/div>\n\t\t\t\t<\/div>\n\t\t\t\t\t<\/div>\n\t\t<\/div>\n\t\t\t\t\t<\/div>\n\t\t<\/section>\n\t\t\t\t\t<\/div>\n\t\t<\/div>\n\t\t\t\t\t<\/div>\n\t\t<\/section>\n\t\t\t\t<section class=\"elementor-section elementor-top-section elementor-element elementor-element-338f20da elementor-section-boxed elementor-section-height-default elementor-section-height-default\" data-id=\"338f20da\" data-element_type=\"section\" data-e-type=\"section\">\n\t\t\t\t\t\t<div class=\"elementor-container elementor-column-gap-default\">\n\t\t\t\t\t<div class=\"elementor-column elementor-col-50 elementor-top-column elementor-element elementor-element-51f5a2ea\" data-id=\"51f5a2ea\" data-element_type=\"column\" data-e-type=\"column\">\n\t\t\t<div class=\"elementor-widget-wrap elementor-element-populated\">\n\t\t\t\t\t\t<div class=\"elementor-element elementor-element-7ccdb96 elementor-widget elementor-widget-heading\" data-id=\"7ccdb96\" data-element_type=\"widget\" data-e-type=\"widget\" data-widget_type=\"heading.default\">\n\t\t\t\t<div class=\"elementor-widget-container\">\n\t\t\t\t\t<h2 class=\"elementor-heading-title elementor-size-default\">The biggest acquisition of the domestic telecom: HT took Crnogorski Telekom for 123.5 million euros<\/h2>\t\t\t\t<\/div>\n\t\t\t\t<\/div>\n\t\t\t\t<div class=\"elementor-element elementor-element-237d1876 elementor-widget elementor-widget-text-editor\" data-id=\"237d1876\" data-element_type=\"widget\" data-e-type=\"widget\" data-widget_type=\"text-editor.default\">\n\t\t\t\t<div class=\"elementor-widget-container\">\n\t\t\t\t\t\t\t\t\t<p><em>10\/01\/2017<\/em><\/p>\t\t\t\t\t\t\t\t<\/div>\n\t\t\t\t<\/div>\n\t\t\t\t<div class=\"elementor-element elementor-element-b17d5b7 elementor-widget elementor-widget-image\" data-id=\"b17d5b7\" data-element_type=\"widget\" data-e-type=\"widget\" data-widget_type=\"image.default\">\n\t\t\t\t<div class=\"elementor-widget-container\">\n\t\t\t\t\t\t\t\t\t\t\t\t<figure class=\"wp-caption\">\n\t\t\t\t\t\t\t\t\t\t<img fetchpriority=\"high\" decoding=\"async\" width=\"642\" height=\"200\" src=\"https:\/\/www.ficc.hr\/wp-content\/uploads\/2017\/01\/Hrvatski-telekom-logo.jpg\" class=\"attachment-full size-full wp-image-1311\" alt=\"Hrvatski telekom\" srcset=\"https:\/\/www.ficc.hr\/wp-content\/uploads\/2017\/01\/Hrvatski-telekom-logo.jpg 642w, https:\/\/www.ficc.hr\/wp-content\/uploads\/2017\/01\/Hrvatski-telekom-logo-300x93.jpg 300w\" sizes=\"(max-width: 642px) 100vw, 642px\" \/>\t\t\t\t\t\t\t\t\t\t\t<figcaption class=\"widget-image-caption wp-caption-text\"><\/figcaption>\n\t\t\t\t\t\t\t\t\t\t<\/figure>\n\t\t\t\t\t\t\t\t\t<\/div>\n\t\t\t\t<\/div>\n\t\t\t\t<div class=\"elementor-element elementor-element-181defc elementor-widget elementor-widget-text-editor\" data-id=\"181defc\" data-element_type=\"widget\" data-e-type=\"widget\" data-widget_type=\"text-editor.default\">\n\t\t\t\t<div class=\"elementor-widget-container\">\n\t\t\t\t\t\t\t\t\t<p class=\"translation-block\">Croatian Telecom made its largest acquisition ever by investing 123.5 million euro in the majority stake in Crnogorski Telekom.\nHT bought from Magyar Telekom, which is also part of the Deutsche Telekom Group, a share of 76.53 percent in the biggest operator in Montenegro.<\/p><p><a href=\"http:\/\/www.poslovni.hr\/hrvatska\/najveca-akvizicija-domaceg-telekoma-dosad-ht-od-maara-kupio-crnogorski-telekom-za-1235-milijuna-eura-322732\" target=\"_blank\" rel=\"noopener\">http:\/\/www.poslovni.hr\/hrvatska\/najveca-akvizicija-domaceg-telekoma-dosad-ht-od-maara-kupio-crnogorski-telekom-za-1235-milijuna-eura-322732<\/a><\/p>\t\t\t\t\t\t\t\t<\/div>\n\t\t\t\t<\/div>\n\t\t\t\t\t<\/div>\n\t\t<\/div>\n\t\t\t\t<div class=\"elementor-column elementor-col-50 elementor-top-column elementor-element elementor-element-8d1f26b\" data-id=\"8d1f26b\" data-element_type=\"column\" data-e-type=\"column\">\n\t\t\t<div class=\"elementor-widget-wrap elementor-element-populated\">\n\t\t\t\t\t\t<div class=\"elementor-element elementor-element-5f47f47 elementor-widget elementor-widget-html\" data-id=\"5f47f47\" data-element_type=\"widget\" data-e-type=\"widget\" data-widget_type=\"html.default\">\n\t\t\t\t<div class=\"elementor-widget-container\">\n\t\t\t\t\t\t\t<div data-elementor-type=\"wp-post\" data-elementor-id=\"5580\" class=\"elementor elementor-5580\">\n\t\t\t\t\t\t<section class=\"elementor-section elementor-top-section elementor-element elementor-element-cbb6549 elementor-section-boxed elementor-section-height-default elementor-section-height-default\" data-id=\"cbb6549\" data-element_type=\"section\" data-e-type=\"section\">\n\t\t\t\t\t\t<div class=\"elementor-container elementor-column-gap-default\">\n\t\t\t\t\t<div class=\"elementor-column elementor-col-100 elementor-top-column elementor-element elementor-element-b8cf8f8\" data-id=\"b8cf8f8\" data-element_type=\"column\" data-e-type=\"column\">\n\t\t\t<div class=\"elementor-widget-wrap elementor-element-populated\">\n\t\t\t\t\t\t<div class=\"elementor-element elementor-element-6aa1986 elementor-widget elementor-widget-heading\" data-id=\"6aa1986\" data-element_type=\"widget\" data-e-type=\"widget\" data-widget_type=\"heading.default\">\n\t\t\t\t<div class=\"elementor-widget-container\">\n\t\t\t\t\t<h2 class=\"elementor-heading-title elementor-size-default\">Latest news<\/h2>\t\t\t\t<\/div>\n\t\t\t\t<\/div>\n\t\t\t\t<div class=\"elementor-element elementor-element-10988ca elementor-grid-eael-col-1 elementor-grid-tablet-eael-col-2 elementor-grid-mobile-eael-col-1 elementor-widget elementor-widget-eael-post-grid\" data-id=\"10988ca\" data-element_type=\"widget\" data-e-type=\"widget\" data-settings=\"{&quot;eael_post_grid_columns&quot;:&quot;eael-col-1&quot;,&quot;eael_post_grid_columns_tablet&quot;:&quot;eael-col-2&quot;,&quot;eael_post_grid_columns_mobile&quot;:&quot;eael-col-1&quot;}\" data-widget_type=\"eael-post-grid.default\">\n\t\t\t\t<div class=\"elementor-widget-container\">\n\t\t\t\t\t<div id=\"eael-post-grid-10988ca\" class=\"eael-post-grid-container\">\n            <div class=\"eael-post-grid eael-post-appender eael-post-appender-10988ca eael-post-grid-style-one\" data-layout-mode=\"grid\"><article class=\"eael-grid-post  eael-post-grid-column eael-pg-post-5722 category-novosti-za-clanove\" data-id=\"5722\">\n        <div class=\"eael-grid-post-holder\">\n            <div class=\"eael-grid-post-holder-inner\"><div class=\"eael-entry-media\"><div class=\"eael-entry-overlay fade-in\"><i class=\"fas fa-long-arrow-alt-right\" aria-hidden=\"true\"><\/i><a href=\"https:\/\/www.ficc.hr\/en\/novosti-za-clanove\/tele2-u-2017-godini-ostvario-rast-ukupnih-prihoda-od-7-posto\/\"><\/a><\/div><div class=\"eael-entry-thumbnail\">\n                <img decoding=\"async\" width=\"930\" height=\"500\" src=\"https:\/\/www.ficc.hr\/wp-content\/uploads\/2015\/11\/logotipi_930x500_4.png\" class=\"attachment-full size-full wp-image-1077\" alt=\"\" srcset=\"https:\/\/www.ficc.hr\/wp-content\/uploads\/2015\/11\/logotipi_930x500_4.png 930w, https:\/\/www.ficc.hr\/wp-content\/uploads\/2015\/11\/logotipi_930x500_4-300x161.png 300w, https:\/\/www.ficc.hr\/wp-content\/uploads\/2015\/11\/logotipi_930x500_4-768x413.png 768w, https:\/\/www.ficc.hr\/wp-content\/uploads\/2015\/11\/logotipi_930x500_4-750x403.png 750w\" sizes=\"(max-width: 930px) 100vw, 930px\" \/>\n            <\/div>\n        <\/div><div class=\"eael-entry-wrapper\"><header class=\"eael-entry-header\"><h2 class=\"eael-entry-title\"><a class=\"eael-grid-post-link\" href=\"https:\/\/www.ficc.hr\/en\/novosti-za-clanove\/tele2-u-2017-godini-ostvario-rast-ukupnih-prihoda-od-7-posto\/\" title=\"Tele2 achieved a growth of 7 percent in 2017\">Tele2 achieved a growth of 7 percent in 2017<\/a><\/h2><\/header><div class=\"eael-entry-content\">\n                        <div class=\"eael-grid-post-excerpt\"><a href=\"https:\/\/www.ficc.hr\/en\/novosti-za-clanove\/tele2-u-2017-godini-ostvario-rast-ukupnih-prihoda-od-7-posto\/\" class=\"eael-post-elements-readmore-btn\">Read more<\/a><\/div>\n                    <\/div><div class=\"eael-entry-footer\"><div class=\"eael-entry-meta\"><span class=\"eael-posted-on\"><time datetime=\"23\/02\/2018\">23\/02\/2018<\/time><\/span><\/div><\/div><\/div><\/div>\n        <\/div>\n    <\/article><article class=\"eael-grid-post  eael-post-grid-column eael-pg-post-5710 category-novosti-za-clanove\" data-id=\"5710\">\n        <div class=\"eael-grid-post-holder\">\n            <div class=\"eael-grid-post-holder-inner\"><div class=\"eael-entry-media\"><div class=\"eael-entry-overlay fade-in\"><i class=\"fas fa-long-arrow-alt-right\" aria-hidden=\"true\"><\/i><a href=\"https:\/\/www.ficc.hr\/en\/novosti-za-clanove\/addiko-banka-otvorila-prvu-digitalnu-express-poslovnicu-u-hrvatskoj\/\"><\/a><\/div><div class=\"eael-entry-thumbnail\">\n                <img decoding=\"async\" width=\"930\" height=\"500\" src=\"https:\/\/www.ficc.hr\/wp-content\/uploads\/2016\/10\/logotipi_930x500_15.png\" class=\"attachment-full size-full wp-image-1086\" alt=\"\" srcset=\"https:\/\/www.ficc.hr\/wp-content\/uploads\/2016\/10\/logotipi_930x500_15.png 930w, https:\/\/www.ficc.hr\/wp-content\/uploads\/2016\/10\/logotipi_930x500_15-300x161.png 300w, https:\/\/www.ficc.hr\/wp-content\/uploads\/2016\/10\/logotipi_930x500_15-768x413.png 768w, https:\/\/www.ficc.hr\/wp-content\/uploads\/2016\/10\/logotipi_930x500_15-750x403.png 750w\" sizes=\"(max-width: 930px) 100vw, 930px\" \/>\n            <\/div>\n        <\/div><div class=\"eael-entry-wrapper\"><header class=\"eael-entry-header\"><h2 class=\"eael-entry-title\"><a class=\"eael-grid-post-link\" href=\"https:\/\/www.ficc.hr\/en\/novosti-za-clanove\/addiko-banka-otvorila-prvu-digitalnu-express-poslovnicu-u-hrvatskoj\/\" title=\"Addiko banka opened its first digital Express branch in Croatia\">Addiko banka opened its first digital Express branch in Croatia<\/a><\/h2><\/header><div class=\"eael-entry-content\">\n                        <div class=\"eael-grid-post-excerpt\"><a href=\"https:\/\/www.ficc.hr\/en\/novosti-za-clanove\/addiko-banka-otvorila-prvu-digitalnu-express-poslovnicu-u-hrvatskoj\/\" class=\"eael-post-elements-readmore-btn\">Read more<\/a><\/div>\n                    <\/div><div class=\"eael-entry-footer\"><div class=\"eael-entry-meta\"><span class=\"eael-posted-on\"><time datetime=\"23\/02\/2018\">23\/02\/2018<\/time><\/span><\/div><\/div><\/div><\/div>\n        <\/div>\n    <\/article><article class=\"eael-grid-post  eael-post-grid-column eael-pg-post-5700 category-novosti-za-clanove\" data-id=\"5700\">\n        <div class=\"eael-grid-post-holder\">\n            <div class=\"eael-grid-post-holder-inner\"><div class=\"eael-entry-media\"><div class=\"eael-entry-overlay fade-in\"><i class=\"fas fa-long-arrow-alt-right\" aria-hidden=\"true\"><\/i><a href=\"https:\/\/www.ficc.hr\/en\/novosti-za-clanove\/hrvatski-telekom-ponovno-primio-certifikat-poslodavac-partner\/\"><\/a><\/div><div class=\"eael-entry-thumbnail\">\n                <img loading=\"lazy\" decoding=\"async\" width=\"930\" height=\"500\" src=\"https:\/\/www.ficc.hr\/wp-content\/uploads\/2016\/05\/logotipi_930x500_16.png\" class=\"attachment-full size-full wp-image-1061\" alt=\"\" srcset=\"https:\/\/www.ficc.hr\/wp-content\/uploads\/2016\/05\/logotipi_930x500_16.png 930w, https:\/\/www.ficc.hr\/wp-content\/uploads\/2016\/05\/logotipi_930x500_16-300x161.png 300w, https:\/\/www.ficc.hr\/wp-content\/uploads\/2016\/05\/logotipi_930x500_16-768x413.png 768w, https:\/\/www.ficc.hr\/wp-content\/uploads\/2016\/05\/logotipi_930x500_16-750x403.png 750w\" sizes=\"(max-width: 930px) 100vw, 930px\" \/>\n            <\/div>\n        <\/div><div class=\"eael-entry-wrapper\"><header class=\"eael-entry-header\"><h2 class=\"eael-entry-title\"><a class=\"eael-grid-post-link\" href=\"https:\/\/www.ficc.hr\/en\/novosti-za-clanove\/hrvatski-telekom-ponovno-primio-certifikat-poslodavac-partner\/\" title=\"Hrvatski Telekom has again received the Employer Partner Certificate\">Hrvatski Telekom has again received the Employer Partner Certificate<\/a><\/h2><\/header><div class=\"eael-entry-content\">\n                        <div class=\"eael-grid-post-excerpt\"><a href=\"https:\/\/www.ficc.hr\/en\/novosti-za-clanove\/hrvatski-telekom-ponovno-primio-certifikat-poslodavac-partner\/\" class=\"eael-post-elements-readmore-btn\">Read more<\/a><\/div>\n                    <\/div><div class=\"eael-entry-footer\"><div class=\"eael-entry-meta\"><span class=\"eael-posted-on\"><time datetime=\"23\/02\/2018\">23\/02\/2018<\/time><\/span><\/div><\/div><\/div><\/div>\n        <\/div>\n    <\/article><\/div>\n            <div class=\"clearfix\"><\/div>\n        <\/div>            <div class=\"eael-load-more-button-wrap eael-force-hide\">\n                <button class=\"eael-load-more-button\" id=\"eael-load-more-btn-10988ca\" data-widget-id=\"10988ca\" data-widget=\"10988ca\" data-page-id=\"5580\" data-template=\"{&quot;dir&quot;:&quot;lite&quot;,&quot;file_name&quot;:&quot;one.php&quot;,&quot;name&quot;:&quot;Post-Grid&quot;}\" data-class=\"Essential_Addons_Elementor\\Elements\\Post_Grid\" data-layout=\"grid\" data-page=\"1\" data-args=\"orderby=date&amp;order=desc&amp;ignore_sticky_posts=1&amp;post_status=publish&amp;posts_per_page=3&amp;offset=0&amp;post_type=post&amp;tax_query%5B0%5D%5Btaxonomy%5D=category&amp;tax_query%5B0%5D%5Bfield%5D=term_id&amp;tax_query%5B0%5D%5Bterms%5D%5B0%5D=13&amp;tax_query%5Brelation%5D=AND\" data-max-page=\"33\">\n                    <span class=\"eael-btn-loader button__loader\"><\/span>\n                    <span class=\"eael_load_more_text\">Load More<\/span>\n                <\/button>\n            <\/div>\n            \t\t\t\t<\/div>\n\t\t\t\t<\/div>\n\t\t\t\t\t<\/div>\n\t\t<\/div>\n\t\t\t\t\t<\/div>\n\t\t<\/section>\n\t\t\t\t<\/div>\n\t\t\t\t\t\t<\/div>\n\t\t\t\t<\/div>\n\t\t\t\t\t<\/div>\n\t\t<\/div>\n\t\t\t\t\t<\/div>\n\t\t<\/section>\n\t\t\t\t<\/div>","protected":false},"excerpt":{"rendered":"<p>NOVOSTI O \u010cLANOVIMA Najve\u0107a akvizicija doma\u0107eg telekoma: HT preuzeo Crnogorski Telekom za 123,5 milijuna eura 10\/01\/2017 Hrvatski telekom napravio je svoju najve\u0107u akviziciju dosad, za 123,5 milijuna eura kupio je ve\u0107inski udio u Crnogorskom Telekomu. HT je od Magyar Telekoma, koji je tako\u0111er dio grupe Deutsche telekom, preuzeo udjel od 76,53 posto u najve\u0107em operateru [&hellip;]<\/p>\n","protected":false},"author":2,"featured_media":1061,"comment_status":"closed","ping_status":"open","sticky":false,"template":"elementor_header_footer","format":"standard","meta":{"site-sidebar-layout":"right-sidebar","site-content-layout":"default","ast-site-content-layout":"default","site-content-style":"default","site-sidebar-style":"default","ast-global-header-display":"","ast-banner-title-visibility":"","ast-main-header-display":"","ast-hfb-above-header-display":"","ast-hfb-below-header-display":"","ast-hfb-mobile-header-display":"","site-post-title":"","ast-breadcrumbs-content":"","ast-featured-img":"","footer-sml-layout":"","ast-disable-related-posts":"","theme-transparent-header-meta":"default","adv-header-id-meta":"","stick-header-meta":"","header-above-stick-meta":"","header-main-stick-meta":"","header-below-stick-meta":"","astra-migrate-meta-layouts":"default","ast-page-background-enabled":"default","ast-page-background-meta":{"desktop":{"background-color":"","background-image":"","background-repeat":"repeat","background-position":"center center","background-size":"auto","background-attachment":"scroll","background-type":"","background-media":"","overlay-type":"","overlay-color":"","overlay-opacity":"","overlay-gradient":""},"tablet":{"background-color":"","background-image":"","background-repeat":"repeat","background-position":"center center","background-size":"auto","background-attachment":"scroll","background-type":"","background-media":"","overlay-type":"","overlay-color":"","overlay-opacity":"","overlay-gradient":""},"mobile":{"background-color":"","background-image":"","background-repeat":"repeat","background-position":"center center","background-size":"auto","background-attachment":"scroll","background-type":"","background-media":"","overlay-type":"","overlay-color":"","overlay-opacity":"","overlay-gradient":""}},"ast-content-background-meta":{"desktop":{"background-color":"var(--ast-global-color-5)","background-image":"","background-repeat":"repeat","background-position":"center center","background-size":"auto","background-attachment":"scroll","background-type":"","background-media":"","overlay-type":"","overlay-color":"","overlay-opacity":"","overlay-gradient":""},"tablet":{"background-color":"var(--ast-global-color-5)","background-image":"","background-repeat":"repeat","background-position":"center center","background-size":"auto","background-attachment":"scroll","background-type":"","background-media":"","overlay-type":"","overlay-color":"","overlay-opacity":"","overlay-gradient":""},"mobile":{"background-color":"var(--ast-global-color-5)","background-image":"","background-repeat":"repeat","background-position":"center center","background-size":"auto","background-attachment":"scroll","background-type":"","background-media":"","overlay-type":"","overlay-color":"","overlay-opacity":"","overlay-gradient":""}},"footnotes":""},"categories":[13],"tags":[],"class_list":["post-6152","post","type-post","status-publish","format-standard","has-post-thumbnail","hentry","category-novosti-za-clanove"],"_links":{"self":[{"href":"https:\/\/www.ficc.hr\/en\/wp-json\/wp\/v2\/posts\/6152","targetHints":{"allow":["GET"]}}],"collection":[{"href":"https:\/\/www.ficc.hr\/en\/wp-json\/wp\/v2\/posts"}],"about":[{"href":"https:\/\/www.ficc.hr\/en\/wp-json\/wp\/v2\/types\/post"}],"author":[{"embeddable":true,"href":"https:\/\/www.ficc.hr\/en\/wp-json\/wp\/v2\/users\/2"}],"replies":[{"embeddable":true,"href":"https:\/\/www.ficc.hr\/en\/wp-json\/wp\/v2\/comments?post=6152"}],"version-history":[{"count":6,"href":"https:\/\/www.ficc.hr\/en\/wp-json\/wp\/v2\/posts\/6152\/revisions"}],"predecessor-version":[{"id":6910,"href":"https:\/\/www.ficc.hr\/en\/wp-json\/wp\/v2\/posts\/6152\/revisions\/6910"}],"wp:featuredmedia":[{"embeddable":true,"href":"https:\/\/www.ficc.hr\/en\/wp-json\/wp\/v2\/media\/1061"}],"wp:attachment":[{"href":"https:\/\/www.ficc.hr\/en\/wp-json\/wp\/v2\/media?parent=6152"}],"wp:term":[{"taxonomy":"category","embeddable":true,"href":"https:\/\/www.ficc.hr\/en\/wp-json\/wp\/v2\/categories?post=6152"},{"taxonomy":"post_tag","embeddable":true,"href":"https:\/\/www.ficc.hr\/en\/wp-json\/wp\/v2\/tags?post=6152"}],"curies":[{"name":"wp","href":"https:\/\/api.w.org\/{rel}","templated":true}]}}