{
    "id": 4278,
    "date": "2021-03-03T12:33:06",
    "date_gmt": "2021-03-03T12:33:06",
    "guid": {
        "rendered": "http:\/\/www.ficc.hr\/ciljevi-2-copy\/"
    },
    "modified": "2026-01-11T13:21:37",
    "modified_gmt": "2026-01-11T13:21:37",
    "slug": "management-structure",
    "status": "publish",
    "type": "page",
    "link": "https:\/\/www.ficc.hr\/hr\/management-structure\/",
    "title": {
        "rendered": "Upravlja\u010dka struktura"
    },
    "content": {
        "rendered": "<div data-elementor-type=\"wp-page\" data-elementor-id=\"4278\" class=\"elementor elementor-4278\">\n\t\t\t\t\t\t<section class=\"elementor-section elementor-top-section elementor-element elementor-element-a5248ee elementor-section-full_width elementor-section-height-min-height elementor-section-height-default elementor-section-items-middle\" data-id=\"a5248ee\" data-element_type=\"section\" data-e-type=\"section\" data-settings=\"{&quot;background_background&quot;:&quot;classic&quot;}\">\n\t\t\t\t\t\t\t<div class=\"elementor-background-overlay\"><\/div>\n\t\t\t\t\t\t\t<div class=\"elementor-container elementor-column-gap-no\">\n\t\t\t\t\t<div class=\"elementor-column elementor-col-100 elementor-top-column elementor-element elementor-element-d6119fe\" data-id=\"d6119fe\" data-element_type=\"column\" data-e-type=\"column\">\n\t\t\t<div class=\"elementor-widget-wrap elementor-element-populated\">\n\t\t\t\t\t\t<section class=\"elementor-section elementor-inner-section elementor-element elementor-element-a4ae138 elementor-section-boxed elementor-section-height-default elementor-section-height-default\" data-id=\"a4ae138\" data-element_type=\"section\" data-e-type=\"section\">\n\t\t\t\t\t\t<div class=\"elementor-container elementor-column-gap-default\">\n\t\t\t\t\t<div class=\"elementor-column elementor-col-100 elementor-inner-column elementor-element elementor-element-de38eed\" data-id=\"de38eed\" data-element_type=\"column\" data-e-type=\"column\">\n\t\t\t<div class=\"elementor-widget-wrap elementor-element-populated\">\n\t\t\t\t\t\t<div class=\"elementor-element elementor-element-a6737f3 elementor-widget elementor-widget-heading\" data-id=\"a6737f3\" data-element_type=\"widget\" data-e-type=\"widget\" data-widget_type=\"heading.default\">\n\t\t\t\t<div class=\"elementor-widget-container\">\n\t\t\t\t\t<h1 class=\"elementor-heading-title elementor-size-default\">UPRAVLJA\u010cKA STRUKTURA<\/h1>\t\t\t\t<\/div>\n\t\t\t\t<\/div>\n\t\t\t\t\t<\/div>\n\t\t<\/div>\n\t\t\t\t\t<\/div>\n\t\t<\/section>\n\t\t\t\t\t<\/div>\n\t\t<\/div>\n\t\t\t\t\t<\/div>\n\t\t<\/section>\n\t\t\t\t<section class=\"elementor-section elementor-top-section elementor-element elementor-element-ddd271b elementor-section-height-min-height elementor-section-boxed elementor-section-height-default elementor-section-items-middle\" data-id=\"ddd271b\" data-element_type=\"section\" data-e-type=\"section\">\n\t\t\t\t\t\t<div class=\"elementor-container elementor-column-gap-no\">\n\t\t\t\t\t<div class=\"elementor-column elementor-col-100 elementor-top-column elementor-element elementor-element-92e0bff\" data-id=\"92e0bff\" data-element_type=\"column\" data-e-type=\"column\">\n\t\t\t<div class=\"elementor-widget-wrap elementor-element-populated\">\n\t\t\t\t\t\t<section class=\"elementor-section elementor-inner-section elementor-element elementor-element-135f384 elementor-section-boxed elementor-section-height-default elementor-section-height-default\" data-id=\"135f384\" data-element_type=\"section\" data-e-type=\"section\">\n\t\t\t\t\t\t<div class=\"elementor-container elementor-column-gap-default\">\n\t\t\t\t\t<div class=\"elementor-column elementor-col-100 elementor-inner-column elementor-element elementor-element-7ac659a\" data-id=\"7ac659a\" data-element_type=\"column\" data-e-type=\"column\">\n\t\t\t<div class=\"elementor-widget-wrap elementor-element-populated\">\n\t\t\t\t\t\t<div class=\"elementor-element elementor-element-7e71ceb elementor-widget elementor-widget-text-editor\" data-id=\"7e71ceb\" data-element_type=\"widget\" data-e-type=\"widget\" data-widget_type=\"text-editor.default\">\n\t\t\t\t<div class=\"elementor-widget-container\">\n\t\t\t\t\t\t\t\t\t<div><div>SKUP\u0160TINA<\/div><\/div>\t\t\t\t\t\t\t\t<\/div>\n\t\t\t\t<\/div>\n\t\t\t\t<div class=\"elementor-element elementor-element-403b436 elementor-widget elementor-widget-text-editor\" data-id=\"403b436\" data-element_type=\"widget\" data-e-type=\"widget\" data-widget_type=\"text-editor.default\">\n\t\t\t\t<div class=\"elementor-widget-container\">\n\t\t\t\t\t\t\t\t\t<div class=\"entry-content clear\"><div class=\"entry-content clear\"><p>Najvi\u0161e tijelo Udru\u017eenja stranih ulaga\u010da u Hrvatskoj je Skup\u0161tina koju \u010dine predstavnici svih redovnih \u010dlanova Udru\u017eenja. Skup\u0161tina se sastaje najmanje jednom godi\u0161nje kako bi raspravljala i donijela odluke vezane uz ostvarenje ciljeva Udru\u017eenja. Izme\u0111u dva zasjedanja, funkciju Skup\u0161tine obavlja Upravni odbor, osim za one odluke za koje se tra\u017ei dvotre\u0107inska ve\u0107ina nazo\u010dnih \u010dlanova Udru\u017eenja.<\/p><\/div><\/div>\t\t\t\t\t\t\t\t<\/div>\n\t\t\t\t<\/div>\n\t\t\t\t<div class=\"elementor-element elementor-element-eaae33d elementor-widget elementor-widget-text-editor\" data-id=\"eaae33d\" data-element_type=\"widget\" data-e-type=\"widget\" data-widget_type=\"text-editor.default\">\n\t\t\t\t<div class=\"elementor-widget-container\">\n\t\t\t\t\t\t\t\t\t<div><div>UPRAVNI ODBOR<\/div><\/div>\t\t\t\t\t\t\t\t<\/div>\n\t\t\t\t<\/div>\n\t\t\t\t<div class=\"elementor-element elementor-element-0b2bb4d elementor-widget elementor-widget-text-editor\" data-id=\"0b2bb4d\" data-element_type=\"widget\" data-e-type=\"widget\" data-widget_type=\"text-editor.default\">\n\t\t\t\t<div class=\"elementor-widget-container\">\n\t\t\t\t\t\t\t\t\t<div class=\"entry-content clear\"><div class=\"entry-content clear\"><p>Upravni odbor je izvr\u0161no tijelo Udru\u017eenja stranih ulaga\u010da u Hrvatskoj i odgovoran je za strate\u0161ko usmjeravanje i djelovanje Udru\u017eenja. \u010cini ga najmanje pet, a najvi\u0161e devet \u010dlanova, i to predsjednik, dva potpredsjednika te dva do \u0161est \u010dlanova. Predsjednika i \u010dlanove Upravnog odbora bira Skup\u0161tina na mandat od dvije godine.<\/p><\/div><\/div>\t\t\t\t\t\t\t\t<\/div>\n\t\t\t\t<\/div>\n\t\t\t\t\t<\/div>\n\t\t<\/div>\n\t\t\t\t\t<\/div>\n\t\t<\/section>\n\t\t\t\t<div class=\"elementor-element elementor-element-a599f5d elementor-widget elementor-widget-toggle\" data-id=\"a599f5d\" data-element_type=\"widget\" data-e-type=\"widget\" data-widget_type=\"toggle.default\">\n\t\t\t\t<div class=\"elementor-widget-container\">\n\t\t\t\t\t\t\t<div class=\"elementor-toggle\">\n\t\t\t\t\t\t\t<div class=\"elementor-toggle-item\">\n\t\t\t\t\t<div id=\"elementor-tab-title-1731\" class=\"elementor-tab-title\" data-tab=\"1\" role=\"button\" aria-controls=\"elementor-tab-content-1731\" aria-expanded=\"false\">\n\t\t\t\t\t\t\t\t\t\t\t\t<span class=\"elementor-toggle-icon elementor-toggle-icon-left\" aria-hidden=\"true\">\n\t\t\t\t\t\t\t\t\t\t\t\t\t\t\t<span class=\"elementor-toggle-icon-closed\"><i class=\"fas fa-caret-right\"><\/i><\/span>\n\t\t\t\t\t\t\t\t<span class=\"elementor-toggle-icon-opened\"><i class=\"elementor-toggle-icon-opened fas fa-caret-up\"><\/i><\/span>\n\t\t\t\t\t\t\t\t\t\t\t\t\t<\/span>\n\t\t\t\t\t\t\t\t\t\t\t\t<a class=\"elementor-toggle-title\" tabindex=\"0\">Predsjednik - Burak Baykan<\/a>\n\t\t\t\t\t<\/div>\n\n\t\t\t\t\t<div id=\"elementor-tab-content-1731\" class=\"elementor-tab-content elementor-clearfix\" data-tab=\"1\" role=\"region\" aria-labelledby=\"elementor-tab-title-1731\"><p><img decoding=\"async\" class=\"alignleft wp-image-2065 size-full\" src=\"https:\/\/www.ficc.hr\/wp-content\/uploads\/2017\/03\/BurakBaykan2.jpg\" alt=\"\" width=\"134\" height=\"200\" \/><\/p><p>Burak Baykan je regionalni direktor Dogus grupe za jugoisto\u010dnu Europu i odgovoran je za aktivnosti grupe u regiji.<\/p><p>Ro\u0111en je u Istanbulu, u Turskoj, 8. kolovoza 1975. Diplomirao je na Sveu\u010dili\u0161tu Bo\u011fazi\u00e7i, Fakultet poslovne administracije, Odsjek za politiku i me\u0111unarodne odnose 1998., te na Sveu\u010dili\u0161tu Touro u Moskvi 2001., gdje je dobio magisterij poslovne administracije (specijalizirano u marketingu).<\/p><p>Od 1999. do 2009. radio je u Rusiji, na nekoliko izvr\u0161nih pozicija, bavio se savjetovanjem, bio je komercijalni direktor u JVT Dynamic Logistics i Area Manager u Koleksiyon Mobilya.<\/p><p>U prosincu 2007. zapo\u010deo je karijeru u Dogus Holdingu (Moskva, Rusija) kao savjetnik predsjednika Uprave. U sije\u010dnju 2010. postao je dio odjela za investicije grupe i po\u010deo raditi kao regionalni direktor za Hrvatsku i Crnu Goru, s odgovorno\u0161\u0107u za provo\u0111enje strate\u0161kog smjera i teku\u0107ih operacija u Hrvatskoj i Crnoj Gori.<\/p><p>Vodio je poslove grupe vezane uz nauti\u010dki turizam i yachting. Od 2018. do kraja 2020. bio je predsjednik Uprave D \u2013 Marin, globalne mre\u017ee marina. Tako\u0111er je bio \u010dlan uprave za MB92 Barcelona izme\u0111u 2015. i 2019. godine.<\/p><p>Burak Baykan je bio aktivan kao predsjednik Tursko-hrvatskog poslovnog vije\u0107a (DEIK), \u010dlan Izvr\u0161nog odbora Tursko-crnogorskog poslovnog vije\u0107a (DEIK). \u010clan je Upravnog odbora Udruge stranih investitora u Hrvatskoj od 2017.<\/p><\/div>\n\t\t\t\t<\/div>\n\t\t\t\t\t\t\t<div class=\"elementor-toggle-item\">\n\t\t\t\t\t<div id=\"elementor-tab-title-1732\" class=\"elementor-tab-title\" data-tab=\"2\" role=\"button\" aria-controls=\"elementor-tab-content-1732\" aria-expanded=\"false\">\n\t\t\t\t\t\t\t\t\t\t\t\t<span class=\"elementor-toggle-icon elementor-toggle-icon-left\" aria-hidden=\"true\">\n\t\t\t\t\t\t\t\t\t\t\t\t\t\t\t<span class=\"elementor-toggle-icon-closed\"><i class=\"fas fa-caret-right\"><\/i><\/span>\n\t\t\t\t\t\t\t\t<span class=\"elementor-toggle-icon-opened\"><i class=\"elementor-toggle-icon-opened fas fa-caret-up\"><\/i><\/span>\n\t\t\t\t\t\t\t\t\t\t\t\t\t<\/span>\n\t\t\t\t\t\t\t\t\t\t\t\t<a class=\"elementor-toggle-title\" tabindex=\"0\">Podpredsjednica - Nikolina Radi\u0107<\/a>\n\t\t\t\t\t<\/div>\n\n\t\t\t\t\t<div id=\"elementor-tab-content-1732\" class=\"elementor-tab-content elementor-clearfix\" data-tab=\"2\" role=\"region\" aria-labelledby=\"elementor-tab-title-1732\"><p><img decoding=\"async\" class=\"alignleft wp-image-7850\" src=\"https:\/\/www.ficc.hr\/wp-content\/uploads\/2025\/01\/Nikolina-Radic-1-1-200x300.jpg\" alt=\"\" width=\"133\" height=\"200\" srcset=\"https:\/\/www.ficc.hr\/wp-content\/uploads\/2025\/01\/Nikolina-Radic-1-1-200x300.jpg 200w, https:\/\/www.ficc.hr\/wp-content\/uploads\/2025\/01\/Nikolina-Radic-1-1-683x1024.jpg 683w, https:\/\/www.ficc.hr\/wp-content\/uploads\/2025\/01\/Nikolina-Radic-1-1-768x1152.jpg 768w, https:\/\/www.ficc.hr\/wp-content\/uploads\/2025\/01\/Nikolina-Radic-1-1-1024x1536.jpg 1024w, https:\/\/www.ficc.hr\/wp-content\/uploads\/2025\/01\/Nikolina-Radic-1-1-1366x2048.jpg 1366w, https:\/\/www.ficc.hr\/wp-content\/uploads\/2025\/01\/Nikolina-Radic-1-1-8x12.jpg 8w, https:\/\/www.ficc.hr\/wp-content\/uploads\/2025\/01\/Nikolina-Radic-1-1-scaled.jpg 1707w\" sizes=\"(max-width: 133px) 100vw, 133px\" \/><\/p><p>Nikolina je ro\u0111ena u Zagrebu i diplomirala na Ekonomskom fakultetu Sveu\u010dili\u0161ta u Zagrebu. Svoju karijeru zapo\u010dela je 1997. godine u logisti\u010dkoj industriji, rade\u0107i u DHL International d.o.o. u prodaji sve do 2010. godine. Nakon toga prelazi u Overseas Trade Co. Ltd., gdje je nastavila svoj rad u sektoru prodaje i razvoja.<\/p><p>Nakon 14 godina u logistici, Nikolina se odlu\u010duje za industriju ljudskih potencijala i pridru\u017euje se najve\u0107oj svjetskoj kompaniji Adecco, gdje je radila na razvoju poslovanja, posebno u projektima koji su uklju\u010divali dolazak inozemnih kompanija u Hrvatsku. Njena stru\u010dnost obuhvatila je sve aspekte poslovanja, od odabira lokacija i procjene visine investicije za rad, do organizacije zapo\u0161ljavanja i koordinacije radno-pravne dokumentacije.<\/p><p>Od 2021. godine obna\u0161a funkciju direktorice agencije Adecco, koja 2024. godine postaje Lugera Talent Solutions d.o.o., kompanija koja zapo\u0161ljava 45 stru\u010dnjaka u ljudskim potencijalima.<\/p><p>Nikolina je trenutno tako\u0111er predsjednica HUP \u2013 Koordinacije za agencijski rad i posredovanje pri zapo\u0161ljavanju (HUP-KARP), gdje aktivno doprinosi izmjenama regulative u podru\u010dju radno-pravnih odnosa i agencijskog rada.<\/p><\/div>\n\t\t\t\t<\/div>\n\t\t\t\t\t\t\t<div class=\"elementor-toggle-item\">\n\t\t\t\t\t<div id=\"elementor-tab-title-1733\" class=\"elementor-tab-title\" data-tab=\"3\" role=\"button\" aria-controls=\"elementor-tab-content-1733\" aria-expanded=\"false\">\n\t\t\t\t\t\t\t\t\t\t\t\t<span class=\"elementor-toggle-icon elementor-toggle-icon-left\" aria-hidden=\"true\">\n\t\t\t\t\t\t\t\t\t\t\t\t\t\t\t<span class=\"elementor-toggle-icon-closed\"><i class=\"fas fa-caret-right\"><\/i><\/span>\n\t\t\t\t\t\t\t\t<span class=\"elementor-toggle-icon-opened\"><i class=\"elementor-toggle-icon-opened fas fa-caret-up\"><\/i><\/span>\n\t\t\t\t\t\t\t\t\t\t\t\t\t<\/span>\n\t\t\t\t\t\t\t\t\t\t\t\t<a class=\"elementor-toggle-title\" tabindex=\"0\">Podpredjsednik- Zolt\u00e1n \u00c1ldott <\/a>\n\t\t\t\t\t<\/div>\n\n\t\t\t\t\t<div id=\"elementor-tab-content-1733\" class=\"elementor-tab-content elementor-clearfix\" data-tab=\"3\" role=\"region\" aria-labelledby=\"elementor-tab-title-1733\"><p><img decoding=\"async\" class=\"wp-image-1343 size-full alignleft\" src=\"https:\/\/www.ficc.hr\/wp-content\/uploads\/2017\/01\/ZoltanAldott_Profile.jpg\" alt=\"\" width=\"134\" height=\"200\" \/><\/p><p>Zolt\u00e1n \u00c1ldott je predsjednik Nadzornog odbora MOL-a. Karijeru je zapo\u010deo 1990. godine kao suradnik u Creditum Financial Consulting. Od 1992. do 1995. obna\u0161ao je razne funkcije u kompaniji Eurocorp Financial Consulting. Potom se 1995. godine pridru\u017euje MOL-u gdje vodi Odjel za privatizaciju. Od 1997. do 1999. direktor je Odjela za kapitalna tr\u017ei\u0161ta, a od 1999. do 2000. obna\u0161a du\u017enost direktora Odjela za strategiju i poslovni razvoj. Od studenog 2000. do lipnja 2001. zamjenik je izvr\u0161nog direktora za strategiju i poslovni razvoj MOL-a, a od lipnja 2001. izvr\u0161ni direktor za strategiju i poslovni razvoj. Od rujna 2004. do lipnja 2011. godine obna\u0161ao je funkciju izvr\u0161nog direktora za istra\u017eivanje i proizvodnju MOL Grupe. Od listopada 2003. godine do travnja 2010. bio je \u010dlan Nadzornog odbora Ine. Zolt\u00e1n \u00c1ldott diplomirao je ekonomiju na Sveu\u010dili\u0161tu u Budimpe\u0161ti.<\/p><\/div>\n\t\t\t\t<\/div>\n\t\t\t\t\t\t\t<div class=\"elementor-toggle-item\">\n\t\t\t\t\t<div id=\"elementor-tab-title-1734\" class=\"elementor-tab-title\" data-tab=\"4\" role=\"button\" aria-controls=\"elementor-tab-content-1734\" aria-expanded=\"false\">\n\t\t\t\t\t\t\t\t\t\t\t\t<span class=\"elementor-toggle-icon elementor-toggle-icon-left\" aria-hidden=\"true\">\n\t\t\t\t\t\t\t\t\t\t\t\t\t\t\t<span class=\"elementor-toggle-icon-closed\"><i class=\"fas fa-caret-right\"><\/i><\/span>\n\t\t\t\t\t\t\t\t<span class=\"elementor-toggle-icon-opened\"><i class=\"elementor-toggle-icon-opened fas fa-caret-up\"><\/i><\/span>\n\t\t\t\t\t\t\t\t\t\t\t\t\t<\/span>\n\t\t\t\t\t\t\t\t\t\t\t\t<a class=\"elementor-toggle-title\" tabindex=\"0\">\u010clan - Predrag Tuti\u0107<\/a>\n\t\t\t\t\t<\/div>\n\n\t\t\t\t\t<div id=\"elementor-tab-content-1734\" class=\"elementor-tab-content elementor-clearfix\" data-tab=\"4\" role=\"region\" aria-labelledby=\"elementor-tab-title-1734\"><p><img loading=\"lazy\" decoding=\"async\" class=\"alignleft wp-image-7292\" src=\"https:\/\/www.ficc.hr\/wp-content\/uploads\/2022\/12\/Predrag-Tutic-200x300.jpg\" alt=\"Predrag Tutic\" width=\"134\" height=\"201\" srcset=\"https:\/\/www.ficc.hr\/wp-content\/uploads\/2022\/12\/Predrag-Tutic-200x300.jpg 200w, https:\/\/www.ficc.hr\/wp-content\/uploads\/2022\/12\/Predrag-Tutic-683x1024.jpg 683w, https:\/\/www.ficc.hr\/wp-content\/uploads\/2022\/12\/Predrag-Tutic-768x1152.jpg 768w, https:\/\/www.ficc.hr\/wp-content\/uploads\/2022\/12\/Predrag-Tutic-1024x1536.jpg 1024w, https:\/\/www.ficc.hr\/wp-content\/uploads\/2022\/12\/Predrag-Tutic-1366x2048.jpg 1366w, https:\/\/www.ficc.hr\/wp-content\/uploads\/2022\/12\/Predrag-Tutic-8x12.jpg 8w, https:\/\/www.ficc.hr\/wp-content\/uploads\/2022\/12\/Predrag-Tutic.jpg 1409w\" sizes=\"(max-width: 134px) 100vw, 134px\" \/>Predrag Tuti\u0107 je ro\u0111en 1983. godine u Zagrebu gdje je zavr\u0161io studij Fakulteta prometnih znanosti te stekao zvanje diplomiranog in\u017eenjera telekomunikacija.<\/p><p>Profesionalnu karijeru zapo\u010deo je 2007.godine u telekomunikacijskoj tvrtki Metronet. Od 2008 godine pridru\u017euje se agenciji za nekretnine Spiller Farmer i radi na poziciji brokera sa komercijalnim nekretninama, gdje se bavi posredovanjem u prodaji i zakupu sa uredskim prostorima.<\/p><p>Po\u010detkom 2012 godine prelazi u Erste nekretnine gdje nastavlja karijeru u prodaji i zakupu sa komercijalnim nekretninama te prodaji preuzete imovine unutar Erste Banke.<\/p><p>Po\u010detkom 2018. godine prelazi u Addiko Banku na poziciji grupnog managera za nekretnine zadu\u017eenog za prodaju nekretnina u Hrvatskoj, Srbiji, BIH te Sloveniji.<\/p><p>Nakon godinu dana, pridru\u017euje se CBS International Hrvatska na poziciji Country Managera koja je \u010dlan Cushman &amp; Wakefield Alliance, vode\u0107e svjetske agencije za nekretnine koja posluje s 50,000 zaposlenih u vi\u0161e od 60 zemalja \u0161irom svijeta.<\/p><p>Predrag je i \u010dlan Vije\u0107a udru\u017eenja poslovanja nekretninama u Hrvatskoj gospodarskoj komori te \u010dlan me\u0111unarodnog udru\u017eenja Royal Institution of Chartered Surveyors (MRICS).<\/p><\/div>\n\t\t\t\t<\/div>\n\t\t\t\t\t\t\t<div class=\"elementor-toggle-item\">\n\t\t\t\t\t<div id=\"elementor-tab-title-1735\" class=\"elementor-tab-title\" data-tab=\"5\" role=\"button\" aria-controls=\"elementor-tab-content-1735\" aria-expanded=\"false\">\n\t\t\t\t\t\t\t\t\t\t\t\t<span class=\"elementor-toggle-icon elementor-toggle-icon-left\" aria-hidden=\"true\">\n\t\t\t\t\t\t\t\t\t\t\t\t\t\t\t<span class=\"elementor-toggle-icon-closed\"><i class=\"fas fa-caret-right\"><\/i><\/span>\n\t\t\t\t\t\t\t\t<span class=\"elementor-toggle-icon-opened\"><i class=\"elementor-toggle-icon-opened fas fa-caret-up\"><\/i><\/span>\n\t\t\t\t\t\t\t\t\t\t\t\t\t<\/span>\n\t\t\t\t\t\t\t\t\t\t\t\t<a class=\"elementor-toggle-title\" tabindex=\"0\">\u010clan - Ana Odak<\/a>\n\t\t\t\t\t<\/div>\n\n\t\t\t\t\t<div id=\"elementor-tab-content-1735\" class=\"elementor-tab-content elementor-clearfix\" data-tab=\"5\" role=\"region\" aria-labelledby=\"elementor-tab-title-1735\"><p><img loading=\"lazy\" decoding=\"async\" class=\"alignleft wp-image-7852\" src=\"https:\/\/www.ficc.hr\/wp-content\/uploads\/2025\/01\/Ana-Odak-1-200x300.jpg\" alt=\"\" width=\"133\" height=\"200\" srcset=\"https:\/\/www.ficc.hr\/wp-content\/uploads\/2025\/01\/Ana-Odak-1-200x300.jpg 200w, https:\/\/www.ficc.hr\/wp-content\/uploads\/2025\/01\/Ana-Odak-1-683x1024.jpg 683w, https:\/\/www.ficc.hr\/wp-content\/uploads\/2025\/01\/Ana-Odak-1-8x12.jpg 8w, https:\/\/www.ficc.hr\/wp-content\/uploads\/2025\/01\/Ana-Odak-1.jpg 751w\" sizes=\"(max-width: 133px) 100vw, 133px\" \/>Ana Odak diplomirala je novinarstvo na Fakultetu hrvatskih studija i ekonomiju na Ekonomskom fakultetu u Zagrebu. Osim toga, stekla je titulu magistre znanosti iz me\u0111unarodnih poslova te specijalizaciju iz europskih studija na Fakultetu politi\u010dkih znanosti Sveu\u010dili\u0161ta u Zagrebu. Usavr\u0161avala se na Londonskoj \u0161koli za odnose s javno\u0161\u0107u (LSPR) i na Harvard Kennedy School, te na Me\u0111unarodnom institutu za klimatsku aktivnost (IICA) \u010dijim je certifikatom stekla titulu ESG poslovne savjetnice.<\/p><p>Profesionalnu karijeru zapo\u010dela je u javnoj upravi, gdje je od 2004. do 2020. godine obna\u0161ala niz odgovornih funkcija, uklju\u010duju\u0107i du\u017enosti voditeljice kabineta ministra i zamjenice ministra za strate\u0161ko planiranje. Tijekom tog razdoblja stekla je bogato iskustvo u upravljanju projektima, EU fondovima i strate\u0161kom planiranju.<\/p><p>Ana se 2020. godine pridru\u017eila tvrtki GITONE Kvarner kao direktorica strate\u0161kih ulaganja i poticaja. Od 2021. \u010dlanica je Uprave, odgovorna za investicije, strate\u0161ka ulaganja, planiranje i EU fondove te razvoj projekata usmjerenih na zelene tehnologije, odr\u017eivost i inovacije u plavom i zelenom sektoru. Posebnu pa\u017enju posve\u0107uje inicijativama vezanima uz kru\u017eno gospodarstvo, vodik i gospodarenje otpadom.<\/p><p>Ana je predsjednica udruga MARINN \u2013 Maritimni inovacijski klaster i GRINN \u2013 Zeleni inovacijski klaster, kroz koje aktivno promi\u010de suradnju i inovacije u pomorskom i zelenom sektoru. Tako\u0111er je \u010dlanica Nadzornog odbora Liburnia Riviera Hotela, gdje doprinosi strate\u0161kom razvoju i unaprje\u0111enju poslovanja u turisti\u010dkoj industriji.<\/p><\/div>\n\t\t\t\t<\/div>\n\t\t\t\t\t\t\t<div class=\"elementor-toggle-item\">\n\t\t\t\t\t<div id=\"elementor-tab-title-1736\" class=\"elementor-tab-title\" data-tab=\"6\" role=\"button\" aria-controls=\"elementor-tab-content-1736\" aria-expanded=\"false\">\n\t\t\t\t\t\t\t\t\t\t\t\t<span class=\"elementor-toggle-icon elementor-toggle-icon-left\" aria-hidden=\"true\">\n\t\t\t\t\t\t\t\t\t\t\t\t\t\t\t<span class=\"elementor-toggle-icon-closed\"><i class=\"fas fa-caret-right\"><\/i><\/span>\n\t\t\t\t\t\t\t\t<span class=\"elementor-toggle-icon-opened\"><i class=\"elementor-toggle-icon-opened fas fa-caret-up\"><\/i><\/span>\n\t\t\t\t\t\t\t\t\t\t\t\t\t<\/span>\n\t\t\t\t\t\t\t\t\t\t\t\t<a class=\"elementor-toggle-title\" tabindex=\"0\">\u010clan - Adrian Je\u017eina<\/a>\n\t\t\t\t\t<\/div>\n\n\t\t\t\t\t<div id=\"elementor-tab-content-1736\" class=\"elementor-tab-content elementor-clearfix\" data-tab=\"6\" role=\"region\" aria-labelledby=\"elementor-tab-title-1736\"><p><img loading=\"lazy\" decoding=\"async\" class=\"alignleft wp-image-7853\" src=\"https:\/\/www.ficc.hr\/wp-content\/uploads\/2025\/01\/Adrian-Jezina-1-200x300.jpg\" alt=\"\" width=\"133\" height=\"200\" srcset=\"https:\/\/www.ficc.hr\/wp-content\/uploads\/2025\/01\/Adrian-Jezina-1-200x300.jpg 200w, https:\/\/www.ficc.hr\/wp-content\/uploads\/2025\/01\/Adrian-Jezina-1-682x1024.jpg 682w, https:\/\/www.ficc.hr\/wp-content\/uploads\/2025\/01\/Adrian-Jezina-1-768x1152.jpg 768w, https:\/\/www.ficc.hr\/wp-content\/uploads\/2025\/01\/Adrian-Jezina-1-1024x1536.jpg 1024w, https:\/\/www.ficc.hr\/wp-content\/uploads\/2025\/01\/Adrian-Jezina-1-8x12.jpg 8w, https:\/\/www.ficc.hr\/wp-content\/uploads\/2025\/01\/Adrian-Jezina-1.jpg 1333w\" sizes=\"(max-width: 133px) 100vw, 133px\" \/>Adrian Je\u017eina je nakon zavr\u0161enog elektrotehni\u010dkog fakulteta u Splitu (FESB), zavr\u0161io Cotrugli MBA te znanstveni magisterij iz ekonomije na sveu\u010dili\u0161tu u Zagrebu. Kontinuirano nadogra\u0111uje svoje znanje kako u Hrvatskoj tako i na renomiranim institucijama diljem Europe i SAD-a.<\/p><p>Kroz godine stekao je bogato iskustvo u ICT industriji, rade\u0107i u nekim od najve\u0107ih kompanija u regiji kao B.net, A1 i SIEMENS na raznim CEO\/CXO pozicijama te u vi\u0161e dr\u017eava (Austrija, Slovenija, Hrvatska, Bugarska i Makedonija).<\/p><p>Nakon gotovo 20 godina profesionalnog iskustva u ICT industriji, Adrian Je\u017eina pridru\u017eio se United Grupi 2017. godine, preuzimaju\u0107i poziciju izvr\u0161nog direktora Telemacha Slovenije. U 2021. godini preuzima ulogu predsjednika Uprave Telemacha Hrvatska, te je i danas uspje\u0161no na \u010delu kompanije.<\/p><p>Za svoje uspjehe u vo\u0111enju kompanija nagra\u0111ivan je od nacionalnih udruga managera za najboljeg managera godine dva puta u dvije razli\u010dite dr\u017eave. Od udru\u017eenja CROMA u Hrvatskoj za 2010 kao &#8216;manager godine za srednje velike kompanije&#8217; te u Sloveniji od udruge Manager kao \u201eMenad\u017eer godine 2021.\u201c<\/p><p>Od 18. godine je imao 10 godina profesionalne sportske karijere u vaterpolu. Natjecao se na nacionalnoj i me\u0111unarodnoj razini osvajaju\u0107i mnoge nagrade i medalje uklju\u010duju\u0107i i dva klupska evropska kupa prvaka. Ostao je uvijek aktivan uz vaterpolo pa je i danas aktivan \u010dlan izvr\u0161nog odbora hrvatskog vaterpolo saveza te predsjednik VK Jadran Split.<\/p><\/div>\n\t\t\t\t<\/div>\n\t\t\t\t\t\t\t<div class=\"elementor-toggle-item\">\n\t\t\t\t\t<div id=\"elementor-tab-title-1737\" class=\"elementor-tab-title\" data-tab=\"7\" role=\"button\" aria-controls=\"elementor-tab-content-1737\" aria-expanded=\"false\">\n\t\t\t\t\t\t\t\t\t\t\t\t<span class=\"elementor-toggle-icon elementor-toggle-icon-left\" aria-hidden=\"true\">\n\t\t\t\t\t\t\t\t\t\t\t\t\t\t\t<span class=\"elementor-toggle-icon-closed\"><i class=\"fas fa-caret-right\"><\/i><\/span>\n\t\t\t\t\t\t\t\t<span class=\"elementor-toggle-icon-opened\"><i class=\"elementor-toggle-icon-opened fas fa-caret-up\"><\/i><\/span>\n\t\t\t\t\t\t\t\t\t\t\t\t\t<\/span>\n\t\t\t\t\t\t\t\t\t\t\t\t<a class=\"elementor-toggle-title\" tabindex=\"0\">\u010clan - Jakov Kozina<\/a>\n\t\t\t\t\t<\/div>\n\n\t\t\t\t\t<div id=\"elementor-tab-content-1737\" class=\"elementor-tab-content elementor-clearfix\" data-tab=\"7\" role=\"region\" aria-labelledby=\"elementor-tab-title-1737\"><p><img loading=\"lazy\" decoding=\"async\" class=\"alignleft wp-image-7851\" src=\"https:\/\/www.ficc.hr\/wp-content\/uploads\/2025\/01\/Jakov-Kozina-1-200x300.jpg\" alt=\"\" width=\"133\" height=\"200\" srcset=\"https:\/\/www.ficc.hr\/wp-content\/uploads\/2025\/01\/Jakov-Kozina-1-200x300.jpg 200w, https:\/\/www.ficc.hr\/wp-content\/uploads\/2025\/01\/Jakov-Kozina-1-682x1024.jpg 682w, https:\/\/www.ficc.hr\/wp-content\/uploads\/2025\/01\/Jakov-Kozina-1-768x1152.jpg 768w, https:\/\/www.ficc.hr\/wp-content\/uploads\/2025\/01\/Jakov-Kozina-1-1024x1536.jpg 1024w, https:\/\/www.ficc.hr\/wp-content\/uploads\/2025\/01\/Jakov-Kozina-1-8x12.jpg 8w, https:\/\/www.ficc.hr\/wp-content\/uploads\/2025\/01\/Jakov-Kozina-1.jpg 1111w\" sizes=\"(max-width: 133px) 100vw, 133px\" \/>Jakov je financijski konzultant s bogatim iskustvom u sveobuhvatnom ciklusu M&amp;A projekata. Zavr\u0161io je Ekonomski fakultet Sveu\u010dili\u0161ta u Zagrebu te je Chartered Financial Analyst (CFA) u CFA institutu u SAD-u i Chartered Member (MRICS) u Royal Institution of Chartered Surveyors u Velikoj Britaniji. Od kada se 2011. godine priklju\u010dio KPMG-u Hrvatska, aktivno doprinosi razvoju i rastu Odjela financijskog savjetovanja te promociji ostalih KPMG usluga. Osim rada s klijentima, posve\u0107en je mentorstvu i razvoju karijera mla\u0111ih kolega. U listopadu 2024. godine postao je partner u Odjelu financijskog savjetovanja, fokusiraju\u0107i se na M&amp;A procese, procjene vrijednosti i restrukturiranja.<\/p><\/div>\n\t\t\t\t<\/div>\n\t\t\t\t\t\t\t<div class=\"elementor-toggle-item\">\n\t\t\t\t\t<div id=\"elementor-tab-title-1738\" class=\"elementor-tab-title\" data-tab=\"8\" role=\"button\" aria-controls=\"elementor-tab-content-1738\" aria-expanded=\"false\">\n\t\t\t\t\t\t\t\t\t\t\t\t<span class=\"elementor-toggle-icon elementor-toggle-icon-left\" aria-hidden=\"true\">\n\t\t\t\t\t\t\t\t\t\t\t\t\t\t\t<span class=\"elementor-toggle-icon-closed\"><i class=\"fas fa-caret-right\"><\/i><\/span>\n\t\t\t\t\t\t\t\t<span class=\"elementor-toggle-icon-opened\"><i class=\"elementor-toggle-icon-opened fas fa-caret-up\"><\/i><\/span>\n\t\t\t\t\t\t\t\t\t\t\t\t\t<\/span>\n\t\t\t\t\t\t\t\t\t\t\t\t<a class=\"elementor-toggle-title\" tabindex=\"0\">\u010clan - Dimitris Rompis<\/a>\n\t\t\t\t\t<\/div>\n\n\t\t\t\t\t<div id=\"elementor-tab-content-1738\" class=\"elementor-tab-content elementor-clearfix\" data-tab=\"8\" role=\"region\" aria-labelledby=\"elementor-tab-title-1738\"><p><img loading=\"lazy\" decoding=\"async\" class=\"alignleft wp-image-7907\" src=\"https:\/\/www.ficc.hr\/wp-content\/uploads\/2026\/01\/Dimitris-Rompis.jpg\" alt=\"\" width=\"134\" height=\"200\" srcset=\"https:\/\/www.ficc.hr\/wp-content\/uploads\/2026\/01\/Dimitris-Rompis.jpg 1269w, https:\/\/www.ficc.hr\/wp-content\/uploads\/2026\/01\/Dimitris-Rompis-200x300.jpg 200w, https:\/\/www.ficc.hr\/wp-content\/uploads\/2026\/01\/Dimitris-Rompis-683x1024.jpg 683w, https:\/\/www.ficc.hr\/wp-content\/uploads\/2026\/01\/Dimitris-Rompis-768x1152.jpg 768w, https:\/\/www.ficc.hr\/wp-content\/uploads\/2026\/01\/Dimitris-Rompis-1024x1536.jpg 1024w, https:\/\/www.ficc.hr\/wp-content\/uploads\/2026\/01\/Dimitris-Rompis-8x12.jpg 8w\" sizes=\"(max-width: 134px) 100vw, 134px\" \/>Dimitris Rompis je glavni direktor Coca-Cole HBC Hrvatska i vodi poslovnu jedinicu Coca-Cola HBC Adria, koja obuhva\u0107a poslovanje u Hrvatskoj, Bosni i Hercegovini te Sloveniji. Pridru\u017eio se Coca-Coli HBC 2000. godine kao financijski analiti\u010dar u Gr\u010dkoj, a potom je obna\u0161ao niz funkcija u financijama u Gr\u010dkoj, na Cipru, u Austriji i u Korporativnom servisnom centru.<\/p><p>Godine 2016. imenovan je financijskim direktorom za Adria regiju, gdje je pokazao iznimno financijsko vodstvo i strast za izgradnjom visoko anga\u017eiranih timova.U 2020. godini preuzeo je ulogu financijskog direktora u Rumunjskoj, gdje je svojim suradni\u010dkim pristupom i poslovnim znanjem omogu\u0107io odr\u017eiv i profitabilan rast te uspje\u0161nu provedbu klju\u010dnih inicijativa.<\/p><p>Dimitris je svestran poslovni lider s izra\u017eenom stra\u0161\u0107u za razvoj ljudi.<\/p><\/div>\n\t\t\t\t<\/div>\n\t\t\t\t\t\t\t<div class=\"elementor-toggle-item\">\n\t\t\t\t\t<div id=\"elementor-tab-title-1739\" class=\"elementor-tab-title\" data-tab=\"9\" role=\"button\" aria-controls=\"elementor-tab-content-1739\" aria-expanded=\"false\">\n\t\t\t\t\t\t\t\t\t\t\t\t<span class=\"elementor-toggle-icon elementor-toggle-icon-left\" aria-hidden=\"true\">\n\t\t\t\t\t\t\t\t\t\t\t\t\t\t\t<span class=\"elementor-toggle-icon-closed\"><i class=\"fas fa-caret-right\"><\/i><\/span>\n\t\t\t\t\t\t\t\t<span class=\"elementor-toggle-icon-opened\"><i class=\"elementor-toggle-icon-opened fas fa-caret-up\"><\/i><\/span>\n\t\t\t\t\t\t\t\t\t\t\t\t\t<\/span>\n\t\t\t\t\t\t\t\t\t\t\t\t<a class=\"elementor-toggle-title\" tabindex=\"0\">\u010clan - Mladen Fogec<\/a>\n\t\t\t\t\t<\/div>\n\n\t\t\t\t\t<div id=\"elementor-tab-content-1739\" class=\"elementor-tab-content elementor-clearfix\" data-tab=\"9\" role=\"region\" aria-labelledby=\"elementor-tab-title-1739\"><p><img loading=\"lazy\" decoding=\"async\" class=\"size-full wp-image-1342 alignleft\" src=\"https:\/\/www.ficc.hr\/wp-content\/uploads\/2017\/01\/MladenFogec_Profile.jpg\" alt=\"\" width=\"134\" height=\"200\" \/><\/p><p>Mladen Fogec je ro\u0111en 1959. godine u Zagrebu gdje je zavr\u0161io studij Elektrotehnike i ra\u010dunarstva te stekao zvanje diplomiranog in\u017eenjera elektrotehnike.<\/p><p>Nakon studija zapo\u0161ljava se u tvrtci ATM In\u017eenjering, koja je kasnije pre\u0161la u vlasni\u0161tvo Siemensa, na poslovnima projektiranja automatizacije industrijskih postrojenja i procesa.<br \/>Nakon dvije godine prelazi u Banex, tada\u0161njeg distributera i Siemensova predstavnika za podru\u010dje biv\u0161e Jugoslavije, gdje preuzima mjesto prodajnog in\u017eenjera odakle po osnivanju Siemensa u Hrvatskoj prelazi na mjesto prodajnog menad\u017eera.<\/p><p>Krajem osamdesetih, u sklopu tada\u0161njeg Siemensova predstavni\u0161tva tvrtke Banex u Zagrebu, Mladen Fogec je pokrenuo poslovanje prodaje i servisa Siemensovih ultrazvu\u010dnih ure\u0111aja i elektromedicinske opreme za tr\u017ei\u0161te cijele regije da bi 1997. godine preuzeo funkciju direktora Siemensova odjela za medicinska rje\u0161enja i opremu.<\/p><p>Du\u017enost predsjednika Uprave Siemensa Hrvatska preuzeo je 2009. godine, a na tu je poziciju do\u0161ao s mjesta direktora Siemensove divizije za medicinska rje\u0161enja i opremu. Du\u017enost predsjednika Uprave je obna\u0161ao do 2018. godine.<br \/>Na mjestu predsjednika Uprave Siemensa Hrvatska bio je zadu\u017een za rast i razvoj kompanije u podru\u010dju Industrije i Energije kao i za pove\u0107anje izvoza i konkurentnosti tvrtke na doma\u0107em tr\u017ei\u0161tu i tr\u017ei\u0161tu susjednih zemalja.<\/p><p>Mladen Fogec bio je predsjednik Udru\u017eenja stranih ulaga\u010da od 2014. \u2013 2022. godine.<\/p><\/div>\n\t\t\t\t<\/div>\n\t\t\t\t\t\t\t\t\t\t<script type=\"application\/ld+json\">{\"@context\":\"https:\\\/\\\/schema.org\",\"@type\":\"FAQPage\",\"mainEntity\":[{\"@type\":\"Question\",\"name\":\"Predsjednik - Burak Baykan\",\"acceptedAnswer\":{\"@type\":\"Answer\",\"text\":\"<p><img class=\\\"alignleft wp-image-2065 size-full\\\" src=\\\"https:\\\/\\\/www.ficc.hr\\\/wp-content\\\/uploads\\\/2017\\\/03\\\/BurakBaykan2.jpg\\\" alt=\\\"\\\" width=\\\"134\\\" height=\\\"200\\\" \\\/><\\\/p><p>Burak Baykan je regionalni direktor Dogus grupe za jugoisto\\u010dnu Europu i odgovoran je za aktivnosti grupe u regiji.<\\\/p><p>Ro\\u0111en je u Istanbulu, u Turskoj, 8. kolovoza 1975. Diplomirao je na Sveu\\u010dili\\u0161tu Bo\\u011fazi\\u00e7i, Fakultet poslovne administracije, Odsjek za politiku i me\\u0111unarodne odnose 1998., te na Sveu\\u010dili\\u0161tu Touro u Moskvi 2001., gdje je dobio magisterij poslovne administracije (specijalizirano u marketingu).<\\\/p><p>Od 1999. do 2009. radio je u Rusiji, na nekoliko izvr\\u0161nih pozicija, bavio se savjetovanjem, bio je komercijalni direktor u JVT Dynamic Logistics i Area Manager u Koleksiyon Mobilya.<\\\/p><p>U prosincu 2007. zapo\\u010deo je karijeru u Dogus Holdingu (Moskva, Rusija) kao savjetnik predsjednika Uprave. U sije\\u010dnju 2010. postao je dio odjela za investicije grupe i po\\u010deo raditi kao regionalni direktor za Hrvatsku i Crnu Goru, s odgovorno\\u0161\\u0107u za provo\\u0111enje strate\\u0161kog smjera i teku\\u0107ih operacija u Hrvatskoj i Crnoj Gori.<\\\/p><p>Vodio je poslove grupe vezane uz nauti\\u010dki turizam i yachting. Od 2018. do kraja 2020. bio je predsjednik Uprave D \\u2013 Marin, globalne mre\\u017ee marina. Tako\\u0111er je bio \\u010dlan uprave za MB92 Barcelona izme\\u0111u 2015. i 2019. godine.<\\\/p><p>Burak Baykan je bio aktivan kao predsjednik Tursko-hrvatskog poslovnog vije\\u0107a (DEIK), \\u010dlan Izvr\\u0161nog odbora Tursko-crnogorskog poslovnog vije\\u0107a (DEIK). \\u010clan je Upravnog odbora Udruge stranih investitora u Hrvatskoj od 2017.<\\\/p>\"}},{\"@type\":\"Question\",\"name\":\"Podpredsjednica - Nikolina Radi\\u0107\",\"acceptedAnswer\":{\"@type\":\"Answer\",\"text\":\"<p><img class=\\\"alignleft wp-image-7850\\\" src=\\\"https:\\\/\\\/www.ficc.hr\\\/wp-content\\\/uploads\\\/2025\\\/01\\\/Nikolina-Radic-1-1-200x300.jpg\\\" alt=\\\"\\\" width=\\\"133\\\" height=\\\"200\\\" \\\/><\\\/p><p>Nikolina je ro\\u0111ena u Zagrebu i diplomirala na Ekonomskom fakultetu Sveu\\u010dili\\u0161ta u Zagrebu. Svoju karijeru zapo\\u010dela je 1997. godine u logisti\\u010dkoj industriji, rade\\u0107i u DHL International d.o.o. u prodaji sve do 2010. godine. Nakon toga prelazi u Overseas Trade Co. Ltd., gdje je nastavila svoj rad u sektoru prodaje i razvoja.<\\\/p><p>Nakon 14 godina u logistici, Nikolina se odlu\\u010duje za industriju ljudskih potencijala i pridru\\u017euje se najve\\u0107oj svjetskoj kompaniji Adecco, gdje je radila na razvoju poslovanja, posebno u projektima koji su uklju\\u010divali dolazak inozemnih kompanija u Hrvatsku. Njena stru\\u010dnost obuhvatila je sve aspekte poslovanja, od odabira lokacija i procjene visine investicije za rad, do organizacije zapo\\u0161ljavanja i koordinacije radno-pravne dokumentacije.<\\\/p><p>Od 2021. godine obna\\u0161a funkciju direktorice agencije Adecco, koja 2024. godine postaje Lugera Talent Solutions d.o.o., kompanija koja zapo\\u0161ljava 45 stru\\u010dnjaka u ljudskim potencijalima.<\\\/p><p>Nikolina je trenutno tako\\u0111er predsjednica HUP \\u2013 Koordinacije za agencijski rad i posredovanje pri zapo\\u0161ljavanju (HUP-KARP), gdje aktivno doprinosi izmjenama regulative u podru\\u010dju radno-pravnih odnosa i agencijskog rada.<\\\/p>\"}},{\"@type\":\"Question\",\"name\":\"Podpredjsednik- Zolt\\u00e1n \\u00c1ldott\",\"acceptedAnswer\":{\"@type\":\"Answer\",\"text\":\"<p><img class=\\\"wp-image-1343 size-full alignleft\\\" src=\\\"https:\\\/\\\/www.ficc.hr\\\/wp-content\\\/uploads\\\/2017\\\/01\\\/ZoltanAldott_Profile.jpg\\\" alt=\\\"\\\" width=\\\"134\\\" height=\\\"200\\\" \\\/><\\\/p><p>Zolt\\u00e1n \\u00c1ldott je predsjednik Nadzornog odbora MOL-a. Karijeru je zapo\\u010deo 1990. godine kao suradnik u Creditum Financial Consulting. Od 1992. do 1995. obna\\u0161ao je razne funkcije u kompaniji Eurocorp Financial Consulting. Potom se 1995. godine pridru\\u017euje MOL-u gdje vodi Odjel za privatizaciju. Od 1997. do 1999. direktor je Odjela za kapitalna tr\\u017ei\\u0161ta, a od 1999. do 2000. obna\\u0161a du\\u017enost direktora Odjela za strategiju i poslovni razvoj. Od studenog 2000. do lipnja 2001. zamjenik je izvr\\u0161nog direktora za strategiju i poslovni razvoj MOL-a, a od lipnja 2001. izvr\\u0161ni direktor za strategiju i poslovni razvoj. Od rujna 2004. do lipnja 2011. godine obna\\u0161ao je funkciju izvr\\u0161nog direktora za istra\\u017eivanje i proizvodnju MOL Grupe. Od listopada 2003. godine do travnja 2010. bio je \\u010dlan Nadzornog odbora Ine. Zolt\\u00e1n \\u00c1ldott diplomirao je ekonomiju na Sveu\\u010dili\\u0161tu u Budimpe\\u0161ti.<\\\/p>\"}},{\"@type\":\"Question\",\"name\":\"\\u010clan - Predrag Tuti\\u0107\",\"acceptedAnswer\":{\"@type\":\"Answer\",\"text\":\"<p><img class=\\\"alignleft wp-image-7292\\\" src=\\\"https:\\\/\\\/www.ficc.hr\\\/wp-content\\\/uploads\\\/2022\\\/12\\\/Predrag-Tutic-200x300.jpg\\\" alt=\\\"Predrag Tutic\\\" width=\\\"134\\\" height=\\\"201\\\" \\\/>Predrag Tuti\\u0107 je ro\\u0111en 1983. godine u Zagrebu gdje je zavr\\u0161io studij Fakulteta prometnih znanosti te stekao zvanje diplomiranog in\\u017eenjera telekomunikacija.<\\\/p><p>Profesionalnu karijeru zapo\\u010deo je 2007.godine u telekomunikacijskoj tvrtki Metronet. Od 2008 godine pridru\\u017euje se agenciji za nekretnine Spiller Farmer i radi na poziciji brokera sa komercijalnim nekretninama, gdje se bavi posredovanjem u prodaji i zakupu sa uredskim prostorima.<\\\/p><p>Po\\u010detkom 2012 godine prelazi u Erste nekretnine gdje nastavlja karijeru u prodaji i zakupu sa komercijalnim nekretninama te prodaji preuzete imovine unutar Erste Banke.<\\\/p><p>Po\\u010detkom 2018. godine prelazi u Addiko Banku na poziciji grupnog managera za nekretnine zadu\\u017eenog za prodaju nekretnina u Hrvatskoj, Srbiji, BIH te Sloveniji.<\\\/p><p>Nakon godinu dana, pridru\\u017euje se CBS International Hrvatska na poziciji Country Managera koja je \\u010dlan Cushman &amp; Wakefield Alliance, vode\\u0107e svjetske agencije za nekretnine koja posluje s 50,000 zaposlenih u vi\\u0161e od 60 zemalja \\u0161irom svijeta.<\\\/p><p>Predrag je i \\u010dlan Vije\\u0107a udru\\u017eenja poslovanja nekretninama u Hrvatskoj gospodarskoj komori te \\u010dlan me\\u0111unarodnog udru\\u017eenja Royal Institution of Chartered Surveyors (MRICS).<\\\/p>\"}},{\"@type\":\"Question\",\"name\":\"\\u010clan - Ana Odak\",\"acceptedAnswer\":{\"@type\":\"Answer\",\"text\":\"<p><img class=\\\"alignleft wp-image-7852\\\" src=\\\"https:\\\/\\\/www.ficc.hr\\\/wp-content\\\/uploads\\\/2025\\\/01\\\/Ana-Odak-1-200x300.jpg\\\" alt=\\\"\\\" width=\\\"133\\\" height=\\\"200\\\" \\\/>Ana Odak diplomirala je novinarstvo na Fakultetu hrvatskih studija i ekonomiju na Ekonomskom fakultetu u Zagrebu. Osim toga, stekla je titulu magistre znanosti iz me\\u0111unarodnih poslova te specijalizaciju iz europskih studija na Fakultetu politi\\u010dkih znanosti Sveu\\u010dili\\u0161ta u Zagrebu. Usavr\\u0161avala se na Londonskoj \\u0161koli za odnose s javno\\u0161\\u0107u (LSPR) i na Harvard Kennedy School, te na Me\\u0111unarodnom institutu za klimatsku aktivnost (IICA) \\u010dijim je certifikatom stekla titulu ESG poslovne savjetnice.<\\\/p><p>Profesionalnu karijeru zapo\\u010dela je u javnoj upravi, gdje je od 2004. do 2020. godine obna\\u0161ala niz odgovornih funkcija, uklju\\u010duju\\u0107i du\\u017enosti voditeljice kabineta ministra i zamjenice ministra za strate\\u0161ko planiranje. Tijekom tog razdoblja stekla je bogato iskustvo u upravljanju projektima, EU fondovima i strate\\u0161kom planiranju.<\\\/p><p>Ana se 2020. godine pridru\\u017eila tvrtki GITONE Kvarner kao direktorica strate\\u0161kih ulaganja i poticaja. Od 2021. \\u010dlanica je Uprave, odgovorna za investicije, strate\\u0161ka ulaganja, planiranje i EU fondove te razvoj projekata usmjerenih na zelene tehnologije, odr\\u017eivost i inovacije u plavom i zelenom sektoru. Posebnu pa\\u017enju posve\\u0107uje inicijativama vezanima uz kru\\u017eno gospodarstvo, vodik i gospodarenje otpadom.<\\\/p><p>Ana je predsjednica udruga MARINN \\u2013 Maritimni inovacijski klaster i GRINN \\u2013 Zeleni inovacijski klaster, kroz koje aktivno promi\\u010de suradnju i inovacije u pomorskom i zelenom sektoru. Tako\\u0111er je \\u010dlanica Nadzornog odbora Liburnia Riviera Hotela, gdje doprinosi strate\\u0161kom razvoju i unaprje\\u0111enju poslovanja u turisti\\u010dkoj industriji.<\\\/p>\"}},{\"@type\":\"Question\",\"name\":\"\\u010clan - Adrian Je\\u017eina\",\"acceptedAnswer\":{\"@type\":\"Answer\",\"text\":\"<p><img class=\\\"alignleft wp-image-7853\\\" src=\\\"https:\\\/\\\/www.ficc.hr\\\/wp-content\\\/uploads\\\/2025\\\/01\\\/Adrian-Jezina-1-200x300.jpg\\\" alt=\\\"\\\" width=\\\"133\\\" height=\\\"200\\\" \\\/>Adrian Je\\u017eina je nakon zavr\\u0161enog elektrotehni\\u010dkog fakulteta u Splitu (FESB), zavr\\u0161io Cotrugli MBA te znanstveni magisterij iz ekonomije na sveu\\u010dili\\u0161tu u Zagrebu. Kontinuirano nadogra\\u0111uje svoje znanje kako u Hrvatskoj tako i na renomiranim institucijama diljem Europe i SAD-a.<\\\/p><p>Kroz godine stekao je bogato iskustvo u ICT industriji, rade\\u0107i u nekim od najve\\u0107ih kompanija u regiji kao B.net, A1 i SIEMENS na raznim CEO\\\/CXO pozicijama te u vi\\u0161e dr\\u017eava (Austrija, Slovenija, Hrvatska, Bugarska i Makedonija).<\\\/p><p>Nakon gotovo 20 godina profesionalnog iskustva u ICT industriji, Adrian Je\\u017eina pridru\\u017eio se United Grupi 2017. godine, preuzimaju\\u0107i poziciju izvr\\u0161nog direktora Telemacha Slovenije. U 2021. godini preuzima ulogu predsjednika Uprave Telemacha Hrvatska, te je i danas uspje\\u0161no na \\u010delu kompanije.<\\\/p><p>Za svoje uspjehe u vo\\u0111enju kompanija nagra\\u0111ivan je od nacionalnih udruga managera za najboljeg managera godine dva puta u dvije razli\\u010dite dr\\u017eave. Od udru\\u017eenja CROMA u Hrvatskoj za 2010 kao &#8216;manager godine za srednje velike kompanije&#8217; te u Sloveniji od udruge Manager kao \\u201eMenad\\u017eer godine 2021.\\u201c<\\\/p><p>Od 18. godine je imao 10 godina profesionalne sportske karijere u vaterpolu. Natjecao se na nacionalnoj i me\\u0111unarodnoj razini osvajaju\\u0107i mnoge nagrade i medalje uklju\\u010duju\\u0107i i dva klupska evropska kupa prvaka. Ostao je uvijek aktivan uz vaterpolo pa je i danas aktivan \\u010dlan izvr\\u0161nog odbora hrvatskog vaterpolo saveza te predsjednik VK Jadran Split.<\\\/p>\"}},{\"@type\":\"Question\",\"name\":\"\\u010clan - Jakov Kozina\",\"acceptedAnswer\":{\"@type\":\"Answer\",\"text\":\"<p><img class=\\\"alignleft wp-image-7851\\\" src=\\\"https:\\\/\\\/www.ficc.hr\\\/wp-content\\\/uploads\\\/2025\\\/01\\\/Jakov-Kozina-1-200x300.jpg\\\" alt=\\\"\\\" width=\\\"133\\\" height=\\\"200\\\" \\\/>Jakov je financijski konzultant s bogatim iskustvom u sveobuhvatnom ciklusu M&amp;A projekata. Zavr\\u0161io je Ekonomski fakultet Sveu\\u010dili\\u0161ta u Zagrebu te je Chartered Financial Analyst (CFA) u CFA institutu u SAD-u i Chartered Member (MRICS) u Royal Institution of Chartered Surveyors u Velikoj Britaniji. Od kada se 2011. godine priklju\\u010dio KPMG-u Hrvatska, aktivno doprinosi razvoju i rastu Odjela financijskog savjetovanja te promociji ostalih KPMG usluga. Osim rada s klijentima, posve\\u0107en je mentorstvu i razvoju karijera mla\\u0111ih kolega. U listopadu 2024. godine postao je partner u Odjelu financijskog savjetovanja, fokusiraju\\u0107i se na M&amp;A procese, procjene vrijednosti i restrukturiranja.<\\\/p>\"}},{\"@type\":\"Question\",\"name\":\"\\u010clan - Dimitris Rompis\",\"acceptedAnswer\":{\"@type\":\"Answer\",\"text\":\"<p><img class=\\\"alignleft wp-image-7907 \\\" src=\\\"https:\\\/\\\/www.ficc.hr\\\/wp-content\\\/uploads\\\/2026\\\/01\\\/Dimitris-Rompis.jpg\\\" alt=\\\"\\\" width=\\\"134\\\" height=\\\"200\\\" \\\/>Dimitris Rompis je glavni direktor Coca-Cole HBC Hrvatska i vodi poslovnu jedinicu Coca-Cola HBC Adria, koja obuhva\\u0107a poslovanje u Hrvatskoj, Bosni i Hercegovini te Sloveniji. Pridru\\u017eio se Coca-Coli HBC 2000. godine kao financijski analiti\\u010dar u Gr\\u010dkoj, a potom je obna\\u0161ao niz funkcija u financijama u Gr\\u010dkoj, na Cipru, u Austriji i u Korporativnom servisnom centru.<\\\/p><p>Godine 2016. imenovan je financijskim direktorom za Adria regiju, gdje je pokazao iznimno financijsko vodstvo i strast za izgradnjom visoko anga\\u017eiranih timova.U 2020. godini preuzeo je ulogu financijskog direktora u Rumunjskoj, gdje je svojim suradni\\u010dkim pristupom i poslovnim znanjem omogu\\u0107io odr\\u017eiv i profitabilan rast te uspje\\u0161nu provedbu klju\\u010dnih inicijativa.<\\\/p><p>Dimitris je svestran poslovni lider s izra\\u017eenom stra\\u0161\\u0107u za razvoj ljudi.<\\\/p>\"}},{\"@type\":\"Question\",\"name\":\"\\u010clan - Mladen Fogec\",\"acceptedAnswer\":{\"@type\":\"Answer\",\"text\":\"<p><img class=\\\"size-full wp-image-1342 alignleft\\\" src=\\\"https:\\\/\\\/www.ficc.hr\\\/wp-content\\\/uploads\\\/2017\\\/01\\\/MladenFogec_Profile.jpg\\\" alt=\\\"\\\" width=\\\"134\\\" height=\\\"200\\\" \\\/><\\\/p><p>Mladen Fogec je ro\\u0111en 1959. godine u Zagrebu gdje je zavr\\u0161io studij Elektrotehnike i ra\\u010dunarstva te stekao zvanje diplomiranog in\\u017eenjera elektrotehnike.<\\\/p><p>Nakon studija zapo\\u0161ljava se u tvrtci ATM In\\u017eenjering, koja je kasnije pre\\u0161la u vlasni\\u0161tvo Siemensa, na poslovnima projektiranja automatizacije industrijskih postrojenja i procesa.<br \\\/>Nakon dvije godine prelazi u Banex, tada\\u0161njeg distributera i Siemensova predstavnika za podru\\u010dje biv\\u0161e Jugoslavije, gdje preuzima mjesto prodajnog in\\u017eenjera odakle po osnivanju Siemensa u Hrvatskoj prelazi na mjesto prodajnog menad\\u017eera.<\\\/p><p>Krajem osamdesetih, u sklopu tada\\u0161njeg Siemensova predstavni\\u0161tva tvrtke Banex u Zagrebu, Mladen Fogec je pokrenuo poslovanje prodaje i servisa Siemensovih ultrazvu\\u010dnih ure\\u0111aja i elektromedicinske opreme za tr\\u017ei\\u0161te cijele regije da bi 1997. godine preuzeo funkciju direktora Siemensova odjela za medicinska rje\\u0161enja i opremu.<\\\/p><p>Du\\u017enost predsjednika Uprave Siemensa Hrvatska preuzeo je 2009. godine, a na tu je poziciju do\\u0161ao s mjesta direktora Siemensove divizije za medicinska rje\\u0161enja i opremu. Du\\u017enost predsjednika Uprave je obna\\u0161ao do 2018. godine.<br \\\/>Na mjestu predsjednika Uprave Siemensa Hrvatska bio je zadu\\u017een za rast i razvoj kompanije u podru\\u010dju Industrije i Energije kao i za pove\\u0107anje izvoza i konkurentnosti tvrtke na doma\\u0107em tr\\u017ei\\u0161tu i tr\\u017ei\\u0161tu susjednih zemalja.<\\\/p><p>Mladen Fogec bio je predsjednik Udru\\u017eenja stranih ulaga\\u010da od 2014. \\u2013 2022. godine.<\\\/p>\"}}]}<\/script>\n\t\t\t\t\t<\/div>\n\t\t\t\t\t\t<\/div>\n\t\t\t\t<\/div>\n\t\t\t\t<div class=\"elementor-element elementor-element-f44aade elementor-widget elementor-widget-text-editor\" data-id=\"f44aade\" data-element_type=\"widget\" data-e-type=\"widget\" data-widget_type=\"text-editor.default\">\n\t\t\t\t<div class=\"elementor-widget-container\">\n\t\t\t\t\t\t\t\t\t<div><div>SECRETARY GENERAL<\/div><\/div>\t\t\t\t\t\t\t\t<\/div>\n\t\t\t\t<\/div>\n\t\t\t\t<div class=\"elementor-element elementor-element-4187d67 elementor-widget elementor-widget-text-editor\" data-id=\"4187d67\" data-element_type=\"widget\" data-e-type=\"widget\" data-widget_type=\"text-editor.default\">\n\t\t\t\t<div class=\"elementor-widget-container\">\n\t\t\t\t\t\t\t\t\t<div class=\"entry-content clear\"><div class=\"entry-content clear\"><p>Glavni Tajnik vodi i odgovoran je za rad Udruge stranih ulaga\u010da, operativno poslovanje sa doma\u0107im I me\u0111unarodnim organizacijama kao I za svakodnevne odnose sa \u010dlanovima.<\/p><\/div><\/div>\t\t\t\t\t\t\t\t<\/div>\n\t\t\t\t<\/div>\n\t\t\t\t<div class=\"elementor-element elementor-element-db5b0e7 elementor-widget elementor-widget-toggle\" data-id=\"db5b0e7\" data-element_type=\"widget\" data-e-type=\"widget\" data-widget_type=\"toggle.default\">\n\t\t\t\t<div class=\"elementor-widget-container\">\n\t\t\t\t\t\t\t<div class=\"elementor-toggle\">\n\t\t\t\t\t\t\t<div class=\"elementor-toggle-item\">\n\t\t\t\t\t<div id=\"elementor-tab-title-2301\" class=\"elementor-tab-title\" data-tab=\"1\" role=\"button\" aria-controls=\"elementor-tab-content-2301\" aria-expanded=\"false\">\n\t\t\t\t\t\t\t\t\t\t\t\t<span class=\"elementor-toggle-icon elementor-toggle-icon-left\" aria-hidden=\"true\">\n\t\t\t\t\t\t\t\t\t\t\t\t\t\t\t<span class=\"elementor-toggle-icon-closed\"><i class=\"fas fa-caret-right\"><\/i><\/span>\n\t\t\t\t\t\t\t\t<span class=\"elementor-toggle-icon-opened\"><i class=\"elementor-toggle-icon-opened fas fa-caret-up\"><\/i><\/span>\n\t\t\t\t\t\t\t\t\t\t\t\t\t<\/span>\n\t\t\t\t\t\t\t\t\t\t\t\t<a class=\"elementor-toggle-title\" tabindex=\"0\">Glavni Tajnik - Tomislav \u0160lat<\/a>\n\t\t\t\t\t<\/div>\n\n\t\t\t\t\t<div id=\"elementor-tab-content-2301\" class=\"elementor-tab-content elementor-clearfix\" data-tab=\"1\" role=\"region\" aria-labelledby=\"elementor-tab-title-2301\"><p><img loading=\"lazy\" decoding=\"async\" class=\"alignleft wp-image-3266\" src=\"https:\/\/www.ficc.hr\/wp-content\/uploads\/2015\/11\/\u0160lat-Tomislav-3-200x300.jpg\" alt=\"\" width=\"133\" height=\"200\" srcset=\"https:\/\/www.ficc.hr\/wp-content\/uploads\/2015\/11\/\u0160lat-Tomislav-3-200x300.jpg 200w, https:\/\/www.ficc.hr\/wp-content\/uploads\/2015\/11\/\u0160lat-Tomislav-3-768x1152.jpg 768w, https:\/\/www.ficc.hr\/wp-content\/uploads\/2015\/11\/\u0160lat-Tomislav-3-683x1024.jpg 683w, https:\/\/www.ficc.hr\/wp-content\/uploads\/2015\/11\/\u0160lat-Tomislav-3-750x1125.jpg 750w\" sizes=\"(max-width: 133px) 100vw, 133px\" \/><\/p><p>Tomislav \u0160lat, ro\u0111en je u Zagrebu, gdje je diplomirao i kasnije magistrirao strate\u0161ki management I poslovno upravljanje (MBA) na Ekonomskom fakultetu. Zapo\u010deo je svoju karijeru u Exportdrvu, a 3M kompaniji pridru\u017eio se 1988. godine. Posljednjih 33 godine na raznim funkcijama vodi poslovni razvoj 3M-a u zemljama Jugoisto\u010dne Europe, te je kroz to razdoblje bio odgovoran i za razne proizvodne divizije. Do 2021 obna\u0161ao je funkciju Starijeg regionalnog direktora u Adriatic regiji, a nakon toga i u regiji Jugoisto\u010dna Europa, te bio zadu\u017een za strate\u0161ke klju\u010dne kupce I nove poslovne projekte.<\/p><p>Trenutno radi kao poslovni savjetnik i interim manager.<br \/>Od 2000. \u2013 2002. bio je predsjednik Ameri\u010dke trgova\u010dke komore u Hrvatskoj, a jedan je i od osniva\u010da Poslovnog vije\u0107a za konkurentnost (kasnije Nacionalno vije\u0107e za konkurentnost).<\/p><\/div>\n\t\t\t\t<\/div>\n\t\t\t\t\t\t\t\t\t\t<script type=\"application\/ld+json\">{\"@context\":\"https:\\\/\\\/schema.org\",\"@type\":\"FAQPage\",\"mainEntity\":[{\"@type\":\"Question\",\"name\":\"Glavni Tajnik - Tomislav \\u0160lat\",\"acceptedAnswer\":{\"@type\":\"Answer\",\"text\":\"<p><img class=\\\"alignleft wp-image-3266\\\" src=\\\"https:\\\/\\\/www.ficc.hr\\\/wp-content\\\/uploads\\\/2015\\\/11\\\/\\u0160lat-Tomislav-3-200x300.jpg\\\" alt=\\\"\\\" width=\\\"133\\\" height=\\\"200\\\" \\\/><\\\/p><p>Tomislav \\u0160lat, ro\\u0111en je u Zagrebu, gdje je diplomirao i kasnije magistrirao strate\\u0161ki management I poslovno upravljanje (MBA) na Ekonomskom fakultetu. Zapo\\u010deo je svoju karijeru u Exportdrvu, a 3M kompaniji pridru\\u017eio se 1988. godine. Posljednjih 33 godine na raznim funkcijama vodi poslovni razvoj 3M-a u zemljama Jugoisto\\u010dne Europe, te je kroz to razdoblje bio odgovoran i za razne proizvodne divizije. Do 2021 obna\\u0161ao je funkciju Starijeg regionalnog direktora u Adriatic regiji, a nakon toga i u regiji Jugoisto\\u010dna Europa, te bio zadu\\u017een za strate\\u0161ke klju\\u010dne kupce I nove poslovne projekte.<\\\/p><p>Trenutno radi kao poslovni savjetnik i interim manager.<br \\\/>Od 2000. \\u2013 2002. bio je predsjednik Ameri\\u010dke trgova\\u010dke komore u Hrvatskoj, a jedan je i od osniva\\u010da Poslovnog vije\\u0107a za konkurentnost (kasnije Nacionalno vije\\u0107e za konkurentnost).<\\\/p>\"}}]}<\/script>\n\t\t\t\t\t<\/div>\n\t\t\t\t\t\t<\/div>\n\t\t\t\t<\/div>\n\t\t\t\t\t<\/div>\n\t\t<\/div>\n\t\t\t\t\t<\/div>\n\t\t<\/section>\n\t\t\t\t<\/div>",
        "protected": false
    },
    "excerpt": {
        "rendered": "<p>UPRAVLJA\u010cKA STRUKTURA SKUP\u0160TINA Najvi\u0161e tijelo Udru\u017eenja stranih ulaga\u010da u Hrvatskoj je Skup\u0161tina koju \u010dine predstavnici svih redovnih \u010dlanova Udru\u017eenja. Skup\u0161tina se sastaje najmanje jednom godi\u0161nje kako bi raspravljala i donijela odluke vezane uz ostvarenje ciljeva Udru\u017eenja. Izme\u0111u dva zasjedanja, funkciju Skup\u0161tine obavlja Upravni odbor, osim za one odluke za koje se tra\u017ei dvotre\u0107inska ve\u0107ina nazo\u010dnih [&hellip;]<\/p>",
        "protected": false
    },
    "author": 2,
    "featured_media": 0,
    "parent": 0,
    "menu_order": 2,
    "comment_status": "closed",
    "ping_status": "closed",
    "template": "",
    "meta": {
        "site-sidebar-layout": "no-sidebar",
        "site-content-layout": "page-builder",
        "ast-site-content-layout": "full-width-container",
        "site-content-style": "unboxed",
        "site-sidebar-style": "unboxed",
        "ast-global-header-display": "",
        "ast-banner-title-visibility": "",
        "ast-main-header-display": "",
        "ast-hfb-above-header-display": "",
        "ast-hfb-below-header-display": "",
        "ast-hfb-mobile-header-display": "",
        "site-post-title": "disabled",
        "ast-breadcrumbs-content": "",
        "ast-featured-img": "disabled",
        "footer-sml-layout": "",
        "ast-disable-related-posts": "",
        "theme-transparent-header-meta": "default",
        "adv-header-id-meta": "",
        "stick-header-meta": "",
        "header-above-stick-meta": "",
        "header-main-stick-meta": "",
        "header-below-stick-meta": "",
        "astra-migrate-meta-layouts": "set",
        "ast-page-background-enabled": "default",
        "ast-page-background-meta": {
            "desktop": {
                "background-color": "",
                "background-image": "",
                "background-repeat": "repeat",
                "background-position": "center center",
                "background-size": "auto",
                "background-attachment": "scroll",
                "background-type": "",
                "background-media": "",
                "overlay-type": "",
                "overlay-color": "",
                "overlay-opacity": "",
                "overlay-gradient": ""
            },
            "tablet": {
                "background-color": "",
                "background-image": "",
                "background-repeat": "repeat",
                "background-position": "center center",
                "background-size": "auto",
                "background-attachment": "scroll",
                "background-type": "",
                "background-media": "",
                "overlay-type": "",
                "overlay-color": "",
                "overlay-opacity": "",
                "overlay-gradient": ""
            },
            "mobile": {
                "background-color": "",
                "background-image": "",
                "background-repeat": "repeat",
                "background-position": "center center",
                "background-size": "auto",
                "background-attachment": "scroll",
                "background-type": "",
                "background-media": "",
                "overlay-type": "",
                "overlay-color": "",
                "overlay-opacity": "",
                "overlay-gradient": ""
            }
        },
        "ast-content-background-meta": {
            "desktop": {
                "background-color": "var(--ast-global-color-5)",
                "background-image": "",
                "background-repeat": "repeat",
                "background-position": "center center",
                "background-size": "auto",
                "background-attachment": "scroll",
                "background-type": "",
                "background-media": "",
                "overlay-type": "",
                "overlay-color": "",
                "overlay-opacity": "",
                "overlay-gradient": ""
            },
            "tablet": {
                "background-color": "var(--ast-global-color-5)",
                "background-image": "",
                "background-repeat": "repeat",
                "background-position": "center center",
                "background-size": "auto",
                "background-attachment": "scroll",
                "background-type": "",
                "background-media": "",
                "overlay-type": "",
                "overlay-color": "",
                "overlay-opacity": "",
                "overlay-gradient": ""
            },
            "mobile": {
                "background-color": "var(--ast-global-color-5)",
                "background-image": "",
                "background-repeat": "repeat",
                "background-position": "center center",
                "background-size": "auto",
                "background-attachment": "scroll",
                "background-type": "",
                "background-media": "",
                "overlay-type": "",
                "overlay-color": "",
                "overlay-opacity": "",
                "overlay-gradient": ""
            }
        },
        "footnotes": ""
    },
    "class_list": [
        "post-4278",
        "page",
        "type-page",
        "status-publish",
        "hentry"
    ],
    "_links": {
        "self": [
            {
                "href": "https:\/\/www.ficc.hr\/hr\/wp-json\/wp\/v2\/pages\/4278",
                "targetHints": {
                    "allow": [
                        "GET"
                    ]
                }
            }
        ],
        "collection": [
            {
                "href": "https:\/\/www.ficc.hr\/hr\/wp-json\/wp\/v2\/pages"
            }
        ],
        "about": [
            {
                "href": "https:\/\/www.ficc.hr\/hr\/wp-json\/wp\/v2\/types\/page"
            }
        ],
        "author": [
            {
                "embeddable": true,
                "href": "https:\/\/www.ficc.hr\/hr\/wp-json\/wp\/v2\/users\/2"
            }
        ],
        "replies": [
            {
                "embeddable": true,
                "href": "https:\/\/www.ficc.hr\/hr\/wp-json\/wp\/v2\/comments?post=4278"
            }
        ],
        "version-history": [
            {
                "count": 171,
                "href": "https:\/\/www.ficc.hr\/hr\/wp-json\/wp\/v2\/pages\/4278\/revisions"
            }
        ],
        "predecessor-version": [
            {
                "id": 7910,
                "href": "https:\/\/www.ficc.hr\/hr\/wp-json\/wp\/v2\/pages\/4278\/revisions\/7910"
            }
        ],
        "wp:attachment": [
            {
                "href": "https:\/\/www.ficc.hr\/hr\/wp-json\/wp\/v2\/media?parent=4278"
            }
        ],
        "curies": [
            {
                "name": "wp",
                "href": "https:\/\/api.w.org\/{rel}",
                "templated": true
            }
        ]
    }
}