{
    "id": 5568,
    "date": "2021-03-20T12:21:28",
    "date_gmt": "2021-03-20T12:21:28",
    "guid": {
        "rendered": "http:\/\/www.ficc.hr\/novosti-copy\/"
    },
    "modified": "2021-03-30T16:08:46",
    "modified_gmt": "2021-03-30T16:08:46",
    "slug": "member-news",
    "status": "publish",
    "type": "page",
    "link": "https:\/\/www.ficc.hr\/hr\/member-news\/",
    "title": {
        "rendered": "Novosti o \u010dlanovima"
    },
    "content": {
        "rendered": "<div data-elementor-type=\"wp-page\" data-elementor-id=\"5568\" class=\"elementor elementor-5568\">\n\t\t\t\t\t\t<section class=\"elementor-section elementor-top-section elementor-element elementor-element-a5248ee elementor-section-full_width elementor-section-height-min-height elementor-section-height-default elementor-section-items-middle\" data-id=\"a5248ee\" data-element_type=\"section\" data-e-type=\"section\" data-settings=\"{&quot;background_background&quot;:&quot;classic&quot;}\">\n\t\t\t\t\t\t\t<div class=\"elementor-background-overlay\"><\/div>\n\t\t\t\t\t\t\t<div class=\"elementor-container elementor-column-gap-no\">\n\t\t\t\t\t<div class=\"elementor-column elementor-col-100 elementor-top-column elementor-element elementor-element-d6119fe\" data-id=\"d6119fe\" data-element_type=\"column\" data-e-type=\"column\">\n\t\t\t<div class=\"elementor-widget-wrap elementor-element-populated\">\n\t\t\t\t\t\t<section class=\"elementor-section elementor-inner-section elementor-element elementor-element-a4ae138 elementor-section-boxed elementor-section-height-default elementor-section-height-default\" data-id=\"a4ae138\" data-element_type=\"section\" data-e-type=\"section\">\n\t\t\t\t\t\t<div class=\"elementor-container elementor-column-gap-default\">\n\t\t\t\t\t<div class=\"elementor-column elementor-col-100 elementor-inner-column elementor-element elementor-element-de38eed\" data-id=\"de38eed\" data-element_type=\"column\" data-e-type=\"column\">\n\t\t\t<div class=\"elementor-widget-wrap elementor-element-populated\">\n\t\t\t\t\t\t<div class=\"elementor-element elementor-element-a6737f3 elementor-widget elementor-widget-heading\" data-id=\"a6737f3\" data-element_type=\"widget\" data-e-type=\"widget\" data-widget_type=\"heading.default\">\n\t\t\t\t<div class=\"elementor-widget-container\">\n\t\t\t\t\t<h1 class=\"elementor-heading-title elementor-size-default\">NOVOSTI O \u010cLANOVIMA<\/h1>\t\t\t\t<\/div>\n\t\t\t\t<\/div>\n\t\t\t\t\t<\/div>\n\t\t<\/div>\n\t\t\t\t\t<\/div>\n\t\t<\/section>\n\t\t\t\t\t<\/div>\n\t\t<\/div>\n\t\t\t\t\t<\/div>\n\t\t<\/section>\n\t\t\t\t<section class=\"elementor-section elementor-top-section elementor-element elementor-element-ddd271b elementor-section-height-min-height elementor-section-boxed elementor-section-height-default elementor-section-items-middle\" data-id=\"ddd271b\" data-element_type=\"section\" data-e-type=\"section\">\n\t\t\t\t\t\t<div class=\"elementor-container elementor-column-gap-no\">\n\t\t\t\t\t<div class=\"elementor-column elementor-col-100 elementor-top-column elementor-element elementor-element-92e0bff\" data-id=\"92e0bff\" data-element_type=\"column\" data-e-type=\"column\">\n\t\t\t<div class=\"elementor-widget-wrap elementor-element-populated\">\n\t\t\t\t\t\t<div class=\"elementor-element elementor-element-140f85d elementor-grid-eael-col-3 elementor-grid-tablet-eael-col-2 elementor-grid-mobile-eael-col-1 elementor-widget elementor-widget-eael-post-grid\" data-id=\"140f85d\" data-element_type=\"widget\" data-e-type=\"widget\" data-settings=\"{&quot;eael_post_grid_columns&quot;:&quot;eael-col-3&quot;,&quot;eael_post_grid_columns_tablet&quot;:&quot;eael-col-2&quot;,&quot;eael_post_grid_columns_mobile&quot;:&quot;eael-col-1&quot;}\" data-widget_type=\"eael-post-grid.default\">\n\t\t\t\t<div class=\"elementor-widget-container\">\n\t\t\t\t\t<div id=\"eael-post-grid-140f85d\" class=\"eael-post-grid-container\">\n            <div class=\"eael-post-grid eael-post-appender eael-post-appender-140f85d eael-post-grid-style-one\" data-layout-mode=\"grid\"><article class=\"eael-grid-post  eael-post-grid-column eael-pg-post-5722 category-novosti-za-clanove\" data-id=\"5722\">\n        <div class=\"eael-grid-post-holder\">\n            <div class=\"eael-grid-post-holder-inner\"><div class=\"eael-entry-media\"><div class=\"eael-entry-overlay fade-in\"><i class=\"fas fa-long-arrow-alt-right\" aria-hidden=\"true\"><\/i><a href=\"https:\/\/www.ficc.hr\/hr\/novosti-za-clanove\/tele2-u-2017-godini-ostvario-rast-ukupnih-prihoda-od-7-posto\/\"><\/a><\/div><div class=\"eael-entry-thumbnail\">\n                <img fetchpriority=\"high\" decoding=\"async\" width=\"930\" height=\"500\" src=\"https:\/\/www.ficc.hr\/wp-content\/uploads\/2015\/11\/logotipi_930x500_4.png\" class=\"attachment-full size-full wp-image-1077\" alt=\"\" srcset=\"https:\/\/www.ficc.hr\/wp-content\/uploads\/2015\/11\/logotipi_930x500_4.png 930w, https:\/\/www.ficc.hr\/wp-content\/uploads\/2015\/11\/logotipi_930x500_4-300x161.png 300w, https:\/\/www.ficc.hr\/wp-content\/uploads\/2015\/11\/logotipi_930x500_4-768x413.png 768w, https:\/\/www.ficc.hr\/wp-content\/uploads\/2015\/11\/logotipi_930x500_4-750x403.png 750w\" sizes=\"(max-width: 930px) 100vw, 930px\" \/>\n            <\/div>\n        <\/div><div class=\"eael-entry-wrapper\"><header class=\"eael-entry-header\"><h2 class=\"eael-entry-title\"><a class=\"eael-grid-post-link\" href=\"https:\/\/www.ficc.hr\/hr\/novosti-za-clanove\/tele2-u-2017-godini-ostvario-rast-ukupnih-prihoda-od-7-posto\/\" title=\"Tele2 u 2017. godini ostvario rast ukupnih prihoda od 7 posto\">Tele2 u 2017. godini ostvario rast ukupnih prihoda od 7 posto<\/a><\/h2><\/header><div class=\"eael-entry-content\">\n                        <div class=\"eael-grid-post-excerpt\"><a href=\"https:\/\/www.ficc.hr\/hr\/novosti-za-clanove\/tele2-u-2017-godini-ostvario-rast-ukupnih-prihoda-od-7-posto\/\" class=\"eael-post-elements-readmore-btn\">Otvori \u010dlanak<\/a><\/div>\n                    <\/div><div class=\"eael-entry-footer\"><div class=\"eael-entry-meta\"><span class=\"eael-posted-on\"><time datetime=\"23\/02\/2018\">23\/02\/2018<\/time><\/span><\/div><\/div><\/div><\/div>\n        <\/div>\n    <\/article><article class=\"eael-grid-post  eael-post-grid-column eael-pg-post-5710 category-novosti-za-clanove\" data-id=\"5710\">\n        <div class=\"eael-grid-post-holder\">\n            <div class=\"eael-grid-post-holder-inner\"><div class=\"eael-entry-media\"><div class=\"eael-entry-overlay fade-in\"><i class=\"fas fa-long-arrow-alt-right\" aria-hidden=\"true\"><\/i><a href=\"https:\/\/www.ficc.hr\/hr\/novosti-za-clanove\/addiko-banka-otvorila-prvu-digitalnu-express-poslovnicu-u-hrvatskoj\/\"><\/a><\/div><div class=\"eael-entry-thumbnail\">\n                <img decoding=\"async\" width=\"930\" height=\"500\" src=\"https:\/\/www.ficc.hr\/wp-content\/uploads\/2016\/10\/logotipi_930x500_15.png\" class=\"attachment-full size-full wp-image-1086\" alt=\"\" srcset=\"https:\/\/www.ficc.hr\/wp-content\/uploads\/2016\/10\/logotipi_930x500_15.png 930w, https:\/\/www.ficc.hr\/wp-content\/uploads\/2016\/10\/logotipi_930x500_15-300x161.png 300w, https:\/\/www.ficc.hr\/wp-content\/uploads\/2016\/10\/logotipi_930x500_15-768x413.png 768w, https:\/\/www.ficc.hr\/wp-content\/uploads\/2016\/10\/logotipi_930x500_15-750x403.png 750w\" sizes=\"(max-width: 930px) 100vw, 930px\" \/>\n            <\/div>\n        <\/div><div class=\"eael-entry-wrapper\"><header class=\"eael-entry-header\"><h2 class=\"eael-entry-title\"><a class=\"eael-grid-post-link\" href=\"https:\/\/www.ficc.hr\/hr\/novosti-za-clanove\/addiko-banka-otvorila-prvu-digitalnu-express-poslovnicu-u-hrvatskoj\/\" title=\"Addiko banka otvorila prvu digitalnu Express poslovnicu u Hrvatskoj\">Addiko banka otvorila prvu digitalnu Express poslovnicu u Hrvatskoj<\/a><\/h2><\/header><div class=\"eael-entry-content\">\n                        <div class=\"eael-grid-post-excerpt\"><a href=\"https:\/\/www.ficc.hr\/hr\/novosti-za-clanove\/addiko-banka-otvorila-prvu-digitalnu-express-poslovnicu-u-hrvatskoj\/\" class=\"eael-post-elements-readmore-btn\">Otvori \u010dlanak<\/a><\/div>\n                    <\/div><div class=\"eael-entry-footer\"><div class=\"eael-entry-meta\"><span class=\"eael-posted-on\"><time datetime=\"23\/02\/2018\">23\/02\/2018<\/time><\/span><\/div><\/div><\/div><\/div>\n        <\/div>\n    <\/article><article class=\"eael-grid-post  eael-post-grid-column eael-pg-post-5700 category-novosti-za-clanove\" data-id=\"5700\">\n        <div class=\"eael-grid-post-holder\">\n            <div class=\"eael-grid-post-holder-inner\"><div class=\"eael-entry-media\"><div class=\"eael-entry-overlay fade-in\"><i class=\"fas fa-long-arrow-alt-right\" aria-hidden=\"true\"><\/i><a href=\"https:\/\/www.ficc.hr\/hr\/novosti-za-clanove\/hrvatski-telekom-ponovno-primio-certifikat-poslodavac-partner\/\"><\/a><\/div><div class=\"eael-entry-thumbnail\">\n                <img decoding=\"async\" width=\"930\" height=\"500\" src=\"https:\/\/www.ficc.hr\/wp-content\/uploads\/2016\/05\/logotipi_930x500_16.png\" class=\"attachment-full size-full wp-image-1061\" alt=\"\" srcset=\"https:\/\/www.ficc.hr\/wp-content\/uploads\/2016\/05\/logotipi_930x500_16.png 930w, https:\/\/www.ficc.hr\/wp-content\/uploads\/2016\/05\/logotipi_930x500_16-300x161.png 300w, https:\/\/www.ficc.hr\/wp-content\/uploads\/2016\/05\/logotipi_930x500_16-768x413.png 768w, https:\/\/www.ficc.hr\/wp-content\/uploads\/2016\/05\/logotipi_930x500_16-750x403.png 750w\" sizes=\"(max-width: 930px) 100vw, 930px\" \/>\n            <\/div>\n        <\/div><div class=\"eael-entry-wrapper\"><header class=\"eael-entry-header\"><h2 class=\"eael-entry-title\"><a class=\"eael-grid-post-link\" href=\"https:\/\/www.ficc.hr\/hr\/novosti-za-clanove\/hrvatski-telekom-ponovno-primio-certifikat-poslodavac-partner\/\" title=\"Hrvatski Telekom ponovno primio Certifikat Poslodavac Partner\">Hrvatski Telekom ponovno primio Certifikat Poslodavac Partner<\/a><\/h2><\/header><div class=\"eael-entry-content\">\n                        <div class=\"eael-grid-post-excerpt\"><a href=\"https:\/\/www.ficc.hr\/hr\/novosti-za-clanove\/hrvatski-telekom-ponovno-primio-certifikat-poslodavac-partner\/\" class=\"eael-post-elements-readmore-btn\">Otvori \u010dlanak<\/a><\/div>\n                    <\/div><div class=\"eael-entry-footer\"><div class=\"eael-entry-meta\"><span class=\"eael-posted-on\"><time datetime=\"23\/02\/2018\">23\/02\/2018<\/time><\/span><\/div><\/div><\/div><\/div>\n        <\/div>\n    <\/article><article class=\"eael-grid-post  eael-post-grid-column eael-pg-post-5688 category-novosti-za-clanove\" data-id=\"5688\">\n        <div class=\"eael-grid-post-holder\">\n            <div class=\"eael-grid-post-holder-inner\"><div class=\"eael-entry-media\"><div class=\"eael-entry-overlay fade-in\"><i class=\"fas fa-long-arrow-alt-right\" aria-hidden=\"true\"><\/i><a href=\"https:\/\/www.ficc.hr\/hr\/novosti-za-clanove\/austrijski-raiffeisen-vise-nego-udvostrucio-neto-dobit-u-2017\/\"><\/a><\/div><div class=\"eael-entry-thumbnail\">\n                <img loading=\"lazy\" decoding=\"async\" width=\"930\" height=\"500\" src=\"https:\/\/www.ficc.hr\/wp-content\/uploads\/2016\/03\/logotipi_930x500_10.png\" class=\"attachment-full size-full wp-image-1062\" alt=\"\" srcset=\"https:\/\/www.ficc.hr\/wp-content\/uploads\/2016\/03\/logotipi_930x500_10.png 930w, https:\/\/www.ficc.hr\/wp-content\/uploads\/2016\/03\/logotipi_930x500_10-300x161.png 300w, https:\/\/www.ficc.hr\/wp-content\/uploads\/2016\/03\/logotipi_930x500_10-768x413.png 768w, https:\/\/www.ficc.hr\/wp-content\/uploads\/2016\/03\/logotipi_930x500_10-750x403.png 750w\" sizes=\"(max-width: 930px) 100vw, 930px\" \/>\n            <\/div>\n        <\/div><div class=\"eael-entry-wrapper\"><header class=\"eael-entry-header\"><h2 class=\"eael-entry-title\"><a class=\"eael-grid-post-link\" href=\"https:\/\/www.ficc.hr\/hr\/novosti-za-clanove\/austrijski-raiffeisen-vise-nego-udvostrucio-neto-dobit-u-2017\/\" title=\"Austrijski Raiffeisen vi\u0161e nego udvostru\u010dio neto dobit u 2017.\">Austrijski Raiffeisen vi\u0161e nego udvostru\u010dio neto dobit u 2017.<\/a><\/h2><\/header><div class=\"eael-entry-content\">\n                        <div class=\"eael-grid-post-excerpt\"><a href=\"https:\/\/www.ficc.hr\/hr\/novosti-za-clanove\/austrijski-raiffeisen-vise-nego-udvostrucio-neto-dobit-u-2017\/\" class=\"eael-post-elements-readmore-btn\">Otvori \u010dlanak<\/a><\/div>\n                    <\/div><div class=\"eael-entry-footer\"><div class=\"eael-entry-meta\"><span class=\"eael-posted-on\"><time datetime=\"23\/02\/2018\">23\/02\/2018<\/time><\/span><\/div><\/div><\/div><\/div>\n        <\/div>\n    <\/article><article class=\"eael-grid-post  eael-post-grid-column eael-pg-post-5672 category-novosti-za-clanove\" data-id=\"5672\">\n        <div class=\"eael-grid-post-holder\">\n            <div class=\"eael-grid-post-holder-inner\"><div class=\"eael-entry-media\"><div class=\"eael-entry-overlay fade-in\"><i class=\"fas fa-long-arrow-alt-right\" aria-hidden=\"true\"><\/i><a href=\"https:\/\/www.ficc.hr\/hr\/novosti-za-clanove\/rwe-preuzeo-montcogim-plinaru\/\"><\/a><\/div><div class=\"eael-entry-thumbnail\">\n                <img loading=\"lazy\" decoding=\"async\" width=\"930\" height=\"500\" src=\"https:\/\/www.ficc.hr\/wp-content\/uploads\/2017\/07\/RWE_logo.png\" class=\"attachment-full size-full wp-image-2676\" alt=\"\" srcset=\"https:\/\/www.ficc.hr\/wp-content\/uploads\/2017\/07\/RWE_logo.png 930w, https:\/\/www.ficc.hr\/wp-content\/uploads\/2017\/07\/RWE_logo-300x161.png 300w, https:\/\/www.ficc.hr\/wp-content\/uploads\/2017\/07\/RWE_logo-768x413.png 768w, https:\/\/www.ficc.hr\/wp-content\/uploads\/2017\/07\/RWE_logo-750x403.png 750w\" sizes=\"(max-width: 930px) 100vw, 930px\" \/>\n            <\/div>\n        <\/div><div class=\"eael-entry-wrapper\"><header class=\"eael-entry-header\"><h2 class=\"eael-entry-title\"><a class=\"eael-grid-post-link\" href=\"https:\/\/www.ficc.hr\/hr\/novosti-za-clanove\/rwe-preuzeo-montcogim-plinaru\/\" title=\"RWE preuzeo Montcogim-plinaru\">RWE preuzeo Montcogim-plinaru<\/a><\/h2><\/header><div class=\"eael-entry-content\">\n                        <div class=\"eael-grid-post-excerpt\"><a href=\"https:\/\/www.ficc.hr\/hr\/novosti-za-clanove\/rwe-preuzeo-montcogim-plinaru\/\" class=\"eael-post-elements-readmore-btn\">Otvori \u010dlanak<\/a><\/div>\n                    <\/div><div class=\"eael-entry-footer\"><div class=\"eael-entry-meta\"><span class=\"eael-posted-on\"><time datetime=\"23\/02\/2018\">23\/02\/2018<\/time><\/span><\/div><\/div><\/div><\/div>\n        <\/div>\n    <\/article><article class=\"eael-grid-post  eael-post-grid-column eael-pg-post-5659 category-novosti-za-clanove\" data-id=\"5659\">\n        <div class=\"eael-grid-post-holder\">\n            <div class=\"eael-grid-post-holder-inner\"><div class=\"eael-entry-media\"><div class=\"eael-entry-overlay fade-in\"><i class=\"fas fa-long-arrow-alt-right\" aria-hidden=\"true\"><\/i><a href=\"https:\/\/www.ficc.hr\/hr\/novosti-za-clanove\/najveca-zarada-ine-od-2011-122-milijarde-kn-dio-novca-za-ulaganja\/\"><\/a><\/div><div class=\"eael-entry-thumbnail\">\n                <img loading=\"lazy\" decoding=\"async\" width=\"930\" height=\"500\" src=\"https:\/\/www.ficc.hr\/wp-content\/uploads\/2012\/11\/INA_logo.jpg\" class=\"attachment-full size-full wp-image-1939\" alt=\"\" srcset=\"https:\/\/www.ficc.hr\/wp-content\/uploads\/2012\/11\/INA_logo.jpg 930w, https:\/\/www.ficc.hr\/wp-content\/uploads\/2012\/11\/INA_logo-300x161.jpg 300w, https:\/\/www.ficc.hr\/wp-content\/uploads\/2012\/11\/INA_logo-768x413.jpg 768w, https:\/\/www.ficc.hr\/wp-content\/uploads\/2012\/11\/INA_logo-750x403.jpg 750w\" sizes=\"(max-width: 930px) 100vw, 930px\" \/>\n            <\/div>\n        <\/div><div class=\"eael-entry-wrapper\"><header class=\"eael-entry-header\"><h2 class=\"eael-entry-title\"><a class=\"eael-grid-post-link\" href=\"https:\/\/www.ficc.hr\/hr\/novosti-za-clanove\/najveca-zarada-ine-od-2011-122-milijarde-kn-dio-novca-za-ulaganja\/\" title=\"Najve\u0107a zarada Ine od 2011. \u2013 1,22 milijarde kn. Dio novca za ulaganja\">Najve\u0107a zarada Ine od 2011. \u2013 1,22 milijarde kn. Dio novca za ulaganja<\/a><\/h2><\/header><div class=\"eael-entry-content\">\n                        <div class=\"eael-grid-post-excerpt\"><a href=\"https:\/\/www.ficc.hr\/hr\/novosti-za-clanove\/najveca-zarada-ine-od-2011-122-milijarde-kn-dio-novca-za-ulaganja\/\" class=\"eael-post-elements-readmore-btn\">Otvori \u010dlanak<\/a><\/div>\n                    <\/div><div class=\"eael-entry-footer\"><div class=\"eael-entry-meta\"><span class=\"eael-posted-on\"><time datetime=\"23\/02\/2018\">23\/02\/2018<\/time><\/span><\/div><\/div><\/div><\/div>\n        <\/div>\n    <\/article><article class=\"eael-grid-post  eael-post-grid-column eael-pg-post-5649 category-novosti-za-clanove\" data-id=\"5649\">\n        <div class=\"eael-grid-post-holder\">\n            <div class=\"eael-grid-post-holder-inner\"><div class=\"eael-entry-media\"><div class=\"eael-entry-overlay fade-in\"><i class=\"fas fa-long-arrow-alt-right\" aria-hidden=\"true\"><\/i><a href=\"https:\/\/www.ficc.hr\/hr\/novosti-za-clanove\/ht-u-2017-povecao-prihode-smanjio-neto-dobit\/\"><\/a><\/div><div class=\"eael-entry-thumbnail\">\n                <img decoding=\"async\" width=\"930\" height=\"500\" src=\"https:\/\/www.ficc.hr\/wp-content\/uploads\/2016\/05\/logotipi_930x500_16.png\" class=\"attachment-full size-full wp-image-1061\" alt=\"\" srcset=\"https:\/\/www.ficc.hr\/wp-content\/uploads\/2016\/05\/logotipi_930x500_16.png 930w, https:\/\/www.ficc.hr\/wp-content\/uploads\/2016\/05\/logotipi_930x500_16-300x161.png 300w, https:\/\/www.ficc.hr\/wp-content\/uploads\/2016\/05\/logotipi_930x500_16-768x413.png 768w, https:\/\/www.ficc.hr\/wp-content\/uploads\/2016\/05\/logotipi_930x500_16-750x403.png 750w\" sizes=\"(max-width: 930px) 100vw, 930px\" \/>\n            <\/div>\n        <\/div><div class=\"eael-entry-wrapper\"><header class=\"eael-entry-header\"><h2 class=\"eael-entry-title\"><a class=\"eael-grid-post-link\" href=\"https:\/\/www.ficc.hr\/hr\/novosti-za-clanove\/ht-u-2017-povecao-prihode-smanjio-neto-dobit\/\" title=\"HT u 2017. pove\u0107ao prihode, smanjio neto dobit\">HT u 2017. pove\u0107ao prihode, smanjio neto dobit<\/a><\/h2><\/header><div class=\"eael-entry-content\">\n                        <div class=\"eael-grid-post-excerpt\"><a href=\"https:\/\/www.ficc.hr\/hr\/novosti-za-clanove\/ht-u-2017-povecao-prihode-smanjio-neto-dobit\/\" class=\"eael-post-elements-readmore-btn\">Otvori \u010dlanak<\/a><\/div>\n                    <\/div><div class=\"eael-entry-footer\"><div class=\"eael-entry-meta\"><span class=\"eael-posted-on\"><time datetime=\"23\/02\/2018\">23\/02\/2018<\/time><\/span><\/div><\/div><\/div><\/div>\n        <\/div>\n    <\/article><article class=\"eael-grid-post  eael-post-grid-column eael-pg-post-5635 category-novosti-za-clanove\" data-id=\"5635\">\n        <div class=\"eael-grid-post-holder\">\n            <div class=\"eael-grid-post-holder-inner\"><div class=\"eael-entry-media\"><div class=\"eael-entry-overlay fade-in\"><i class=\"fas fa-long-arrow-alt-right\" aria-hidden=\"true\"><\/i><a href=\"https:\/\/www.ficc.hr\/hr\/novosti-za-clanove\/adecco-kupio-vettery\/\"><\/a><\/div><div class=\"eael-entry-thumbnail\">\n                <img decoding=\"async\" width=\"930\" height=\"500\" src=\"https:\/\/www.ficc.hr\/wp-content\/uploads\/2016\/10\/logotipi_930x500_15.png\" class=\"attachment-full size-full wp-image-1086\" alt=\"\" srcset=\"https:\/\/www.ficc.hr\/wp-content\/uploads\/2016\/10\/logotipi_930x500_15.png 930w, https:\/\/www.ficc.hr\/wp-content\/uploads\/2016\/10\/logotipi_930x500_15-300x161.png 300w, https:\/\/www.ficc.hr\/wp-content\/uploads\/2016\/10\/logotipi_930x500_15-768x413.png 768w, https:\/\/www.ficc.hr\/wp-content\/uploads\/2016\/10\/logotipi_930x500_15-750x403.png 750w\" sizes=\"(max-width: 930px) 100vw, 930px\" \/>\n            <\/div>\n        <\/div><div class=\"eael-entry-wrapper\"><header class=\"eael-entry-header\"><h2 class=\"eael-entry-title\"><a class=\"eael-grid-post-link\" href=\"https:\/\/www.ficc.hr\/hr\/novosti-za-clanove\/adecco-kupio-vettery\/\" title=\"Adecco kupio Vettery\">Adecco kupio Vettery<\/a><\/h2><\/header><div class=\"eael-entry-content\">\n                        <div class=\"eael-grid-post-excerpt\"><a href=\"https:\/\/www.ficc.hr\/hr\/novosti-za-clanove\/adecco-kupio-vettery\/\" class=\"eael-post-elements-readmore-btn\">Otvori \u010dlanak<\/a><\/div>\n                    <\/div><div class=\"eael-entry-footer\"><div class=\"eael-entry-meta\"><span class=\"eael-posted-on\"><time datetime=\"23\/02\/2018\">23\/02\/2018<\/time><\/span><\/div><\/div><\/div><\/div>\n        <\/div>\n    <\/article><article class=\"eael-grid-post  eael-post-grid-column eael-pg-post-5619 category-novosti-za-clanove\" data-id=\"5619\">\n        <div class=\"eael-grid-post-holder\">\n            <div class=\"eael-grid-post-holder-inner\"><div class=\"eael-entry-media\"><div class=\"eael-entry-overlay fade-in\"><i class=\"fas fa-long-arrow-alt-right\" aria-hidden=\"true\"><\/i><a href=\"https:\/\/www.ficc.hr\/hr\/novosti-za-clanove\/na-celo-wiener-osiguranja-dolazi-jasminka-horvat-martinovic\/\"><\/a><\/div><div class=\"eael-entry-thumbnail\">\n                <img loading=\"lazy\" decoding=\"async\" width=\"930\" height=\"500\" src=\"https:\/\/www.ficc.hr\/wp-content\/uploads\/2017\/07\/Wiener_logo.png\" class=\"attachment-full size-full wp-image-2677\" alt=\"\" srcset=\"https:\/\/www.ficc.hr\/wp-content\/uploads\/2017\/07\/Wiener_logo.png 930w, https:\/\/www.ficc.hr\/wp-content\/uploads\/2017\/07\/Wiener_logo-300x161.png 300w, https:\/\/www.ficc.hr\/wp-content\/uploads\/2017\/07\/Wiener_logo-768x413.png 768w, https:\/\/www.ficc.hr\/wp-content\/uploads\/2017\/07\/Wiener_logo-750x403.png 750w\" sizes=\"(max-width: 930px) 100vw, 930px\" \/>\n            <\/div>\n        <\/div><div class=\"eael-entry-wrapper\"><header class=\"eael-entry-header\"><h2 class=\"eael-entry-title\"><a class=\"eael-grid-post-link\" href=\"https:\/\/www.ficc.hr\/hr\/novosti-za-clanove\/na-celo-wiener-osiguranja-dolazi-jasminka-horvat-martinovic\/\" title=\"Na \u010delo Wiener osiguranja dolazi Jasminka Horvat Martinovi\u0107\">Na \u010delo Wiener osiguranja dolazi Jasminka Horvat Martinovi\u0107<\/a><\/h2><\/header><div class=\"eael-entry-content\">\n                        <div class=\"eael-grid-post-excerpt\"><a href=\"https:\/\/www.ficc.hr\/hr\/novosti-za-clanove\/na-celo-wiener-osiguranja-dolazi-jasminka-horvat-martinovic\/\" class=\"eael-post-elements-readmore-btn\">Otvori \u010dlanak<\/a><\/div>\n                    <\/div><div class=\"eael-entry-footer\"><div class=\"eael-entry-meta\"><span class=\"eael-posted-on\"><time datetime=\"23\/02\/2018\">23\/02\/2018<\/time><\/span><\/div><\/div><\/div><\/div>\n        <\/div>\n    <\/article><article class=\"eael-grid-post  eael-post-grid-column eael-pg-post-5737 category-novosti-za-clanove\" data-id=\"5737\">\n        <div class=\"eael-grid-post-holder\">\n            <div class=\"eael-grid-post-holder-inner\"><div class=\"eael-entry-media\"><div class=\"eael-entry-overlay fade-in\"><i class=\"fas fa-long-arrow-alt-right\" aria-hidden=\"true\"><\/i><a href=\"https:\/\/www.ficc.hr\/hr\/novosti-za-clanove\/movers-and-shakers-zagrebacka-burza-nagradila-najuspjesnije-kompanije-u-2017-godini\/\"><\/a><\/div><div class=\"eael-entry-thumbnail\">\n                <img decoding=\"async\" width=\"930\" height=\"500\" src=\"https:\/\/www.ficc.hr\/wp-content\/uploads\/2016\/05\/logotipi_930x500_16.png\" class=\"attachment-full size-full wp-image-1061\" alt=\"\" srcset=\"https:\/\/www.ficc.hr\/wp-content\/uploads\/2016\/05\/logotipi_930x500_16.png 930w, https:\/\/www.ficc.hr\/wp-content\/uploads\/2016\/05\/logotipi_930x500_16-300x161.png 300w, https:\/\/www.ficc.hr\/wp-content\/uploads\/2016\/05\/logotipi_930x500_16-768x413.png 768w, https:\/\/www.ficc.hr\/wp-content\/uploads\/2016\/05\/logotipi_930x500_16-750x403.png 750w\" sizes=\"(max-width: 930px) 100vw, 930px\" \/>\n            <\/div>\n        <\/div><div class=\"eael-entry-wrapper\"><header class=\"eael-entry-header\"><h2 class=\"eael-entry-title\"><a class=\"eael-grid-post-link\" href=\"https:\/\/www.ficc.hr\/hr\/novosti-za-clanove\/movers-and-shakers-zagrebacka-burza-nagradila-najuspjesnije-kompanije-u-2017-godini\/\" title=\"\u2018Movers and Shakers\u2019: Zagreba\u010dka burza nagradila najuspje\u0161nije kompanije u 2017. godini\">\u2018Movers and Shakers\u2019: Zagreba\u010dka burza nagradila najuspje\u0161nije kompanije u 2017. godini<\/a><\/h2><\/header><div class=\"eael-entry-content\">\n                        <div class=\"eael-grid-post-excerpt\"><a href=\"https:\/\/www.ficc.hr\/hr\/novosti-za-clanove\/movers-and-shakers-zagrebacka-burza-nagradila-najuspjesnije-kompanije-u-2017-godini\/\" class=\"eael-post-elements-readmore-btn\">Otvori \u010dlanak<\/a><\/div>\n                    <\/div><div class=\"eael-entry-footer\"><div class=\"eael-entry-meta\"><span class=\"eael-posted-on\"><time datetime=\"01\/02\/2018\">01\/02\/2018<\/time><\/span><\/div><\/div><\/div><\/div>\n        <\/div>\n    <\/article><article class=\"eael-grid-post  eael-post-grid-column eael-pg-post-5745 category-novosti-za-clanove\" data-id=\"5745\">\n        <div class=\"eael-grid-post-holder\">\n            <div class=\"eael-grid-post-holder-inner\"><div class=\"eael-entry-media\"><div class=\"eael-entry-overlay fade-in\"><i class=\"fas fa-long-arrow-alt-right\" aria-hidden=\"true\"><\/i><a href=\"https:\/\/www.ficc.hr\/hr\/novosti-za-clanove\/erste-nagradena-za-najbolju-uslugu-privatnog-bankarstva-u-hrvatskoj\/\"><\/a><\/div><div class=\"eael-entry-thumbnail\">\n                <img loading=\"lazy\" decoding=\"async\" width=\"930\" height=\"500\" src=\"https:\/\/www.ficc.hr\/wp-content\/uploads\/2016\/10\/logotipi_930x500_21.png\" class=\"attachment-full size-full wp-image-1058\" alt=\"\" srcset=\"https:\/\/www.ficc.hr\/wp-content\/uploads\/2016\/10\/logotipi_930x500_21.png 930w, https:\/\/www.ficc.hr\/wp-content\/uploads\/2016\/10\/logotipi_930x500_21-300x161.png 300w, https:\/\/www.ficc.hr\/wp-content\/uploads\/2016\/10\/logotipi_930x500_21-768x413.png 768w, https:\/\/www.ficc.hr\/wp-content\/uploads\/2016\/10\/logotipi_930x500_21-750x403.png 750w\" sizes=\"(max-width: 930px) 100vw, 930px\" \/>\n            <\/div>\n        <\/div><div class=\"eael-entry-wrapper\"><header class=\"eael-entry-header\"><h2 class=\"eael-entry-title\"><a class=\"eael-grid-post-link\" href=\"https:\/\/www.ficc.hr\/hr\/novosti-za-clanove\/erste-nagradena-za-najbolju-uslugu-privatnog-bankarstva-u-hrvatskoj\/\" title=\"Erste nagra\u0111ena za najbolju uslugu privatnog bankarstva u Hrvatskoj\">Erste nagra\u0111ena za najbolju uslugu privatnog bankarstva u Hrvatskoj<\/a><\/h2><\/header><div class=\"eael-entry-content\">\n                        <div class=\"eael-grid-post-excerpt\"><a href=\"https:\/\/www.ficc.hr\/hr\/novosti-za-clanove\/erste-nagradena-za-najbolju-uslugu-privatnog-bankarstva-u-hrvatskoj\/\" class=\"eael-post-elements-readmore-btn\">Otvori \u010dlanak<\/a><\/div>\n                    <\/div><div class=\"eael-entry-footer\"><div class=\"eael-entry-meta\"><span class=\"eael-posted-on\"><time datetime=\"13\/11\/2017\">13\/11\/2017<\/time><\/span><\/div><\/div><\/div><\/div>\n        <\/div>\n    <\/article><article class=\"eael-grid-post  eael-post-grid-column eael-pg-post-5960 category-novosti-za-clanove\" data-id=\"5960\">\n        <div class=\"eael-grid-post-holder\">\n            <div class=\"eael-grid-post-holder-inner\"><div class=\"eael-entry-media\"><div class=\"eael-entry-overlay fade-in\"><i class=\"fas fa-long-arrow-alt-right\" aria-hidden=\"true\"><\/i><a href=\"https:\/\/www.ficc.hr\/hr\/novosti-za-clanove\/pwc-slavi-20-godina-stalnog-rasta\/\"><\/a><\/div><div class=\"eael-entry-thumbnail\">\n                <img loading=\"lazy\" decoding=\"async\" width=\"930\" height=\"500\" src=\"https:\/\/www.ficc.hr\/wp-content\/uploads\/2016\/10\/logotipi_930x500_19.png\" class=\"attachment-full size-full wp-image-1056\" alt=\"\" srcset=\"https:\/\/www.ficc.hr\/wp-content\/uploads\/2016\/10\/logotipi_930x500_19.png 930w, https:\/\/www.ficc.hr\/wp-content\/uploads\/2016\/10\/logotipi_930x500_19-300x161.png 300w, https:\/\/www.ficc.hr\/wp-content\/uploads\/2016\/10\/logotipi_930x500_19-768x413.png 768w, https:\/\/www.ficc.hr\/wp-content\/uploads\/2016\/10\/logotipi_930x500_19-750x403.png 750w\" sizes=\"(max-width: 930px) 100vw, 930px\" \/>\n            <\/div>\n        <\/div><div class=\"eael-entry-wrapper\"><header class=\"eael-entry-header\"><h2 class=\"eael-entry-title\"><a class=\"eael-grid-post-link\" href=\"https:\/\/www.ficc.hr\/hr\/novosti-za-clanove\/pwc-slavi-20-godina-stalnog-rasta\/\" title=\"PwC slavi 20 godina stalnog rasta\">PwC slavi 20 godina stalnog rasta<\/a><\/h2><\/header><div class=\"eael-entry-content\">\n                        <div class=\"eael-grid-post-excerpt\"><a href=\"https:\/\/www.ficc.hr\/hr\/novosti-za-clanove\/pwc-slavi-20-godina-stalnog-rasta\/\" class=\"eael-post-elements-readmore-btn\">Otvori \u010dlanak<\/a><\/div>\n                    <\/div><div class=\"eael-entry-footer\"><div class=\"eael-entry-meta\"><span class=\"eael-posted-on\"><time datetime=\"13\/11\/2017\">13\/11\/2017<\/time><\/span><\/div><\/div><\/div><\/div>\n        <\/div>\n    <\/article><article class=\"eael-grid-post  eael-post-grid-column eael-pg-post-5943 category-novosti-za-clanove\" data-id=\"5943\">\n        <div class=\"eael-grid-post-holder\">\n            <div class=\"eael-grid-post-holder-inner\"><div class=\"eael-entry-media\"><div class=\"eael-entry-overlay fade-in\"><i class=\"fas fa-long-arrow-alt-right\" aria-hidden=\"true\"><\/i><a href=\"https:\/\/www.ficc.hr\/hr\/novosti-za-clanove\/villa-dubrovnik-u-drustvu-najluksuznijih-hotela-mytha-anthology\/\"><\/a><\/div><div class=\"eael-entry-thumbnail\">\n                <img loading=\"lazy\" decoding=\"async\" width=\"930\" height=\"500\" src=\"https:\/\/www.ficc.hr\/wp-content\/uploads\/2017\/01\/Dogus_logo.png\" class=\"attachment-full size-full wp-image-2682\" alt=\"\" srcset=\"https:\/\/www.ficc.hr\/wp-content\/uploads\/2017\/01\/Dogus_logo.png 930w, https:\/\/www.ficc.hr\/wp-content\/uploads\/2017\/01\/Dogus_logo-300x161.png 300w, https:\/\/www.ficc.hr\/wp-content\/uploads\/2017\/01\/Dogus_logo-768x413.png 768w, https:\/\/www.ficc.hr\/wp-content\/uploads\/2017\/01\/Dogus_logo-750x403.png 750w\" sizes=\"(max-width: 930px) 100vw, 930px\" \/>\n            <\/div>\n        <\/div><div class=\"eael-entry-wrapper\"><header class=\"eael-entry-header\"><h2 class=\"eael-entry-title\"><a class=\"eael-grid-post-link\" href=\"https:\/\/www.ficc.hr\/hr\/novosti-za-clanove\/villa-dubrovnik-u-drustvu-najluksuznijih-hotela-mytha-anthology\/\" title=\"Villa Dubrovnik u dru\u0161tvu najluksuznijih hotela Mytha Anthology\">Villa Dubrovnik u dru\u0161tvu najluksuznijih hotela Mytha Anthology<\/a><\/h2><\/header><div class=\"eael-entry-content\">\n                        <div class=\"eael-grid-post-excerpt\"><a href=\"https:\/\/www.ficc.hr\/hr\/novosti-za-clanove\/villa-dubrovnik-u-drustvu-najluksuznijih-hotela-mytha-anthology\/\" class=\"eael-post-elements-readmore-btn\">Otvori \u010dlanak<\/a><\/div>\n                    <\/div><div class=\"eael-entry-footer\"><div class=\"eael-entry-meta\"><span class=\"eael-posted-on\"><time datetime=\"13\/11\/2017\">13\/11\/2017<\/time><\/span><\/div><\/div><\/div><\/div>\n        <\/div>\n    <\/article><article class=\"eael-grid-post  eael-post-grid-column eael-pg-post-5917 category-novosti-za-clanove\" data-id=\"5917\">\n        <div class=\"eael-grid-post-holder\">\n            <div class=\"eael-grid-post-holder-inner\"><div class=\"eael-entry-media\"><div class=\"eael-entry-overlay fade-in\"><i class=\"fas fa-long-arrow-alt-right\" aria-hidden=\"true\"><\/i><a href=\"https:\/\/www.ficc.hr\/hr\/novosti-za-clanove\/rwa-hrvatska-desetmilijunsko-ulaganje-nudi-novi-pristup-gnojidbi\/\"><\/a><\/div><div class=\"eael-entry-thumbnail\">\n                <img loading=\"lazy\" decoding=\"async\" width=\"930\" height=\"500\" src=\"https:\/\/www.ficc.hr\/wp-content\/uploads\/2017\/07\/RWE_logo.png\" class=\"attachment-full size-full wp-image-2676\" alt=\"\" srcset=\"https:\/\/www.ficc.hr\/wp-content\/uploads\/2017\/07\/RWE_logo.png 930w, https:\/\/www.ficc.hr\/wp-content\/uploads\/2017\/07\/RWE_logo-300x161.png 300w, https:\/\/www.ficc.hr\/wp-content\/uploads\/2017\/07\/RWE_logo-768x413.png 768w, https:\/\/www.ficc.hr\/wp-content\/uploads\/2017\/07\/RWE_logo-750x403.png 750w\" sizes=\"(max-width: 930px) 100vw, 930px\" \/>\n            <\/div>\n        <\/div><div class=\"eael-entry-wrapper\"><header class=\"eael-entry-header\"><h2 class=\"eael-entry-title\"><a class=\"eael-grid-post-link\" href=\"https:\/\/www.ficc.hr\/hr\/novosti-za-clanove\/rwa-hrvatska-desetmilijunsko-ulaganje-nudi-novi-pristup-gnojidbi\/\" title=\"RWA Hrvatska: Desetmilijunsko ulaganje nudi novi pristup gnojidbi\">RWA Hrvatska: Desetmilijunsko ulaganje nudi novi pristup gnojidbi<\/a><\/h2><\/header><div class=\"eael-entry-content\">\n                        <div class=\"eael-grid-post-excerpt\"><a href=\"https:\/\/www.ficc.hr\/hr\/novosti-za-clanove\/rwa-hrvatska-desetmilijunsko-ulaganje-nudi-novi-pristup-gnojidbi\/\" class=\"eael-post-elements-readmore-btn\">Otvori \u010dlanak<\/a><\/div>\n                    <\/div><div class=\"eael-entry-footer\"><div class=\"eael-entry-meta\"><span class=\"eael-posted-on\"><time datetime=\"13\/11\/2017\">13\/11\/2017<\/time><\/span><\/div><\/div><\/div><\/div>\n        <\/div>\n    <\/article><article class=\"eael-grid-post  eael-post-grid-column eael-pg-post-5900 category-novosti-za-clanove\" data-id=\"5900\">\n        <div class=\"eael-grid-post-holder\">\n            <div class=\"eael-grid-post-holder-inner\"><div class=\"eael-entry-media\"><div class=\"eael-entry-overlay fade-in\"><i class=\"fas fa-long-arrow-alt-right\" aria-hidden=\"true\"><\/i><a href=\"https:\/\/www.ficc.hr\/hr\/novosti-za-clanove\/centar-za-kontrolu-u-farmaceutskoj-industriji-indijska-kompanija-acg-inspection-systems-u-hrvatskoj-otvara-predstavnistvo-za-europu-i-rusiju\/\"><\/a><\/div><div class=\"eael-entry-thumbnail\">\n                <img loading=\"lazy\" decoding=\"async\" width=\"930\" height=\"500\" src=\"https:\/\/www.ficc.hr\/wp-content\/uploads\/2017\/07\/ACG_lukapas_logo.png\" class=\"attachment-full size-full wp-image-2678\" alt=\"\" srcset=\"https:\/\/www.ficc.hr\/wp-content\/uploads\/2017\/07\/ACG_lukapas_logo.png 930w, https:\/\/www.ficc.hr\/wp-content\/uploads\/2017\/07\/ACG_lukapas_logo-300x161.png 300w, https:\/\/www.ficc.hr\/wp-content\/uploads\/2017\/07\/ACG_lukapas_logo-768x413.png 768w, https:\/\/www.ficc.hr\/wp-content\/uploads\/2017\/07\/ACG_lukapas_logo-750x403.png 750w\" sizes=\"(max-width: 930px) 100vw, 930px\" \/>\n            <\/div>\n        <\/div><div class=\"eael-entry-wrapper\"><header class=\"eael-entry-header\"><h2 class=\"eael-entry-title\"><a class=\"eael-grid-post-link\" href=\"https:\/\/www.ficc.hr\/hr\/novosti-za-clanove\/centar-za-kontrolu-u-farmaceutskoj-industriji-indijska-kompanija-acg-inspection-systems-u-hrvatskoj-otvara-predstavnistvo-za-europu-i-rusiju\/\" title=\"CENTAR ZA KONTROLU U FARMACEUTSKOJ INDUSTRIJI- Indijska kompanija ACG Inspection Systems u Hrvatskoj otvara predstavni\u0161tvo za Europu i Rusiju\">CENTAR ZA KONTROLU U FARMACEUTSKOJ INDUSTRIJI- Indijska kompanija ACG Inspection Systems u Hrvatskoj otvara predstavni\u0161tvo za Europu i Rusiju<\/a><\/h2><\/header><div class=\"eael-entry-content\">\n                        <div class=\"eael-grid-post-excerpt\"><a href=\"https:\/\/www.ficc.hr\/hr\/novosti-za-clanove\/centar-za-kontrolu-u-farmaceutskoj-industriji-indijska-kompanija-acg-inspection-systems-u-hrvatskoj-otvara-predstavnistvo-za-europu-i-rusiju\/\" class=\"eael-post-elements-readmore-btn\">Otvori \u010dlanak<\/a><\/div>\n                    <\/div><div class=\"eael-entry-footer\"><div class=\"eael-entry-meta\"><span class=\"eael-posted-on\"><time datetime=\"13\/11\/2017\">13\/11\/2017<\/time><\/span><\/div><\/div><\/div><\/div>\n        <\/div>\n    <\/article><article class=\"eael-grid-post  eael-post-grid-column eael-pg-post-5876 category-novosti-za-clanove\" data-id=\"5876\">\n        <div class=\"eael-grid-post-holder\">\n            <div class=\"eael-grid-post-holder-inner\"><div class=\"eael-entry-media\"><div class=\"eael-entry-overlay fade-in\"><i class=\"fas fa-long-arrow-alt-right\" aria-hidden=\"true\"><\/i><a href=\"https:\/\/www.ficc.hr\/hr\/novosti-za-clanove\/pwc-ovi-prihodi-povecali-su-se-za-7-posto-na-rekordnih-377-milijardi-americkih-dolara\/\"><\/a><\/div><div class=\"eael-entry-thumbnail\">\n                <img loading=\"lazy\" decoding=\"async\" width=\"930\" height=\"500\" src=\"https:\/\/www.ficc.hr\/wp-content\/uploads\/2016\/10\/logotipi_930x500_19.png\" class=\"attachment-full size-full wp-image-1056\" alt=\"\" srcset=\"https:\/\/www.ficc.hr\/wp-content\/uploads\/2016\/10\/logotipi_930x500_19.png 930w, https:\/\/www.ficc.hr\/wp-content\/uploads\/2016\/10\/logotipi_930x500_19-300x161.png 300w, https:\/\/www.ficc.hr\/wp-content\/uploads\/2016\/10\/logotipi_930x500_19-768x413.png 768w, https:\/\/www.ficc.hr\/wp-content\/uploads\/2016\/10\/logotipi_930x500_19-750x403.png 750w\" sizes=\"(max-width: 930px) 100vw, 930px\" \/>\n            <\/div>\n        <\/div><div class=\"eael-entry-wrapper\"><header class=\"eael-entry-header\"><h2 class=\"eael-entry-title\"><a class=\"eael-grid-post-link\" href=\"https:\/\/www.ficc.hr\/hr\/novosti-za-clanove\/pwc-ovi-prihodi-povecali-su-se-za-7-posto-na-rekordnih-377-milijardi-americkih-dolara\/\" title=\"PwC-ovi prihodi pove\u0107ali su se za 7 posto na rekordnih 37,7 milijardi ameri\u010dkih dolara\">PwC-ovi prihodi pove\u0107ali su se za 7 posto na rekordnih 37,7 milijardi ameri\u010dkih dolara<\/a><\/h2><\/header><div class=\"eael-entry-content\">\n                        <div class=\"eael-grid-post-excerpt\"><a href=\"https:\/\/www.ficc.hr\/hr\/novosti-za-clanove\/pwc-ovi-prihodi-povecali-su-se-za-7-posto-na-rekordnih-377-milijardi-americkih-dolara\/\" class=\"eael-post-elements-readmore-btn\">Otvori \u010dlanak<\/a><\/div>\n                    <\/div><div class=\"eael-entry-footer\"><div class=\"eael-entry-meta\"><span class=\"eael-posted-on\"><time datetime=\"13\/11\/2017\">13\/11\/2017<\/time><\/span><\/div><\/div><\/div><\/div>\n        <\/div>\n    <\/article><article class=\"eael-grid-post  eael-post-grid-column eael-pg-post-5849 category-novosti-za-clanove\" data-id=\"5849\">\n        <div class=\"eael-grid-post-holder\">\n            <div class=\"eael-grid-post-holder-inner\"><div class=\"eael-entry-media\"><div class=\"eael-entry-overlay fade-in\"><i class=\"fas fa-long-arrow-alt-right\" aria-hidden=\"true\"><\/i><a href=\"https:\/\/www.ficc.hr\/hr\/novosti-za-clanove\/odlicni-rezultati-dm-a-u-hrvatskoj-prebacili-2-milijarde-kuna-prometa-svakog-dana-ih-obide-86-tisuca-kupaca\/\"><\/a><\/div><div class=\"eael-entry-thumbnail\">\n                <img loading=\"lazy\" decoding=\"async\" width=\"930\" height=\"500\" src=\"https:\/\/www.ficc.hr\/wp-content\/uploads\/2016\/05\/logotipi_930x500.png\" class=\"attachment-full size-full wp-image-1060\" alt=\"\" srcset=\"https:\/\/www.ficc.hr\/wp-content\/uploads\/2016\/05\/logotipi_930x500.png 930w, https:\/\/www.ficc.hr\/wp-content\/uploads\/2016\/05\/logotipi_930x500-300x161.png 300w, https:\/\/www.ficc.hr\/wp-content\/uploads\/2016\/05\/logotipi_930x500-768x413.png 768w, https:\/\/www.ficc.hr\/wp-content\/uploads\/2016\/05\/logotipi_930x500-750x403.png 750w\" sizes=\"(max-width: 930px) 100vw, 930px\" \/>\n            <\/div>\n        <\/div><div class=\"eael-entry-wrapper\"><header class=\"eael-entry-header\"><h2 class=\"eael-entry-title\"><a class=\"eael-grid-post-link\" href=\"https:\/\/www.ficc.hr\/hr\/novosti-za-clanove\/odlicni-rezultati-dm-a-u-hrvatskoj-prebacili-2-milijarde-kuna-prometa-svakog-dana-ih-obide-86-tisuca-kupaca\/\" title=\"ODLI\u010cNI REZULTATI DM-A U HRVATSKOJ- Prebacili 2 milijarde kuna prometa, svakog dana ih obi\u0111e 86 tisu\u0107a kupaca\">ODLI\u010cNI REZULTATI DM-A U HRVATSKOJ- Prebacili 2 milijarde kuna prometa, svakog dana ih obi\u0111e 86 tisu\u0107a kupaca<\/a><\/h2><\/header><div class=\"eael-entry-content\">\n                        <div class=\"eael-grid-post-excerpt\"><a href=\"https:\/\/www.ficc.hr\/hr\/novosti-za-clanove\/odlicni-rezultati-dm-a-u-hrvatskoj-prebacili-2-milijarde-kuna-prometa-svakog-dana-ih-obide-86-tisuca-kupaca\/\" class=\"eael-post-elements-readmore-btn\">Otvori \u010dlanak<\/a><\/div>\n                    <\/div><div class=\"eael-entry-footer\"><div class=\"eael-entry-meta\"><span class=\"eael-posted-on\"><time datetime=\"13\/11\/2017\">13\/11\/2017<\/time><\/span><\/div><\/div><\/div><\/div>\n        <\/div>\n    <\/article><article class=\"eael-grid-post  eael-post-grid-column eael-pg-post-5819 category-novosti-za-clanove\" data-id=\"5819\">\n        <div class=\"eael-grid-post-holder\">\n            <div class=\"eael-grid-post-holder-inner\"><div class=\"eael-entry-media\"><div class=\"eael-entry-overlay fade-in\"><i class=\"fas fa-long-arrow-alt-right\" aria-hidden=\"true\"><\/i><a href=\"https:\/\/www.ficc.hr\/hr\/novosti-za-clanove\/najveca-operativna-dobit-tele2-otkad-je-u-hrvatskoj\/\"><\/a><\/div><div class=\"eael-entry-thumbnail\">\n                <img fetchpriority=\"high\" decoding=\"async\" width=\"930\" height=\"500\" src=\"https:\/\/www.ficc.hr\/wp-content\/uploads\/2015\/11\/logotipi_930x500_4.png\" class=\"attachment-full size-full wp-image-1077\" alt=\"\" srcset=\"https:\/\/www.ficc.hr\/wp-content\/uploads\/2015\/11\/logotipi_930x500_4.png 930w, https:\/\/www.ficc.hr\/wp-content\/uploads\/2015\/11\/logotipi_930x500_4-300x161.png 300w, https:\/\/www.ficc.hr\/wp-content\/uploads\/2015\/11\/logotipi_930x500_4-768x413.png 768w, https:\/\/www.ficc.hr\/wp-content\/uploads\/2015\/11\/logotipi_930x500_4-750x403.png 750w\" sizes=\"(max-width: 930px) 100vw, 930px\" \/>\n            <\/div>\n        <\/div><div class=\"eael-entry-wrapper\"><header class=\"eael-entry-header\"><h2 class=\"eael-entry-title\"><a class=\"eael-grid-post-link\" href=\"https:\/\/www.ficc.hr\/hr\/novosti-za-clanove\/najveca-operativna-dobit-tele2-otkad-je-u-hrvatskoj\/\" title=\"Najve\u0107a operativna dobit Tele2 otkad je u Hrvatskoj\">Najve\u0107a operativna dobit Tele2 otkad je u Hrvatskoj<\/a><\/h2><\/header><div class=\"eael-entry-content\">\n                        <div class=\"eael-grid-post-excerpt\"><a href=\"https:\/\/www.ficc.hr\/hr\/novosti-za-clanove\/najveca-operativna-dobit-tele2-otkad-je-u-hrvatskoj\/\" class=\"eael-post-elements-readmore-btn\">Otvori \u010dlanak<\/a><\/div>\n                    <\/div><div class=\"eael-entry-footer\"><div class=\"eael-entry-meta\"><span class=\"eael-posted-on\"><time datetime=\"13\/11\/2017\">13\/11\/2017<\/time><\/span><\/div><\/div><\/div><\/div>\n        <\/div>\n    <\/article><article class=\"eael-grid-post  eael-post-grid-column eael-pg-post-6000 category-novosti-za-clanove\" data-id=\"6000\">\n        <div class=\"eael-grid-post-holder\">\n            <div class=\"eael-grid-post-holder-inner\"><div class=\"eael-entry-media\"><div class=\"eael-entry-overlay fade-in\"><i class=\"fas fa-long-arrow-alt-right\" aria-hidden=\"true\"><\/i><a href=\"https:\/\/www.ficc.hr\/hr\/novosti-za-clanove\/top-10-hrvatskih-tvrtki-ina-najbolja-lidl-skocio-za-100-mjesta\/\"><\/a><\/div><div class=\"eael-entry-thumbnail\">\n                <img decoding=\"async\" width=\"930\" height=\"500\" src=\"https:\/\/www.ficc.hr\/wp-content\/uploads\/2016\/05\/logotipi_930x500_16.png\" class=\"attachment-full size-full wp-image-1061\" alt=\"\" srcset=\"https:\/\/www.ficc.hr\/wp-content\/uploads\/2016\/05\/logotipi_930x500_16.png 930w, https:\/\/www.ficc.hr\/wp-content\/uploads\/2016\/05\/logotipi_930x500_16-300x161.png 300w, https:\/\/www.ficc.hr\/wp-content\/uploads\/2016\/05\/logotipi_930x500_16-768x413.png 768w, https:\/\/www.ficc.hr\/wp-content\/uploads\/2016\/05\/logotipi_930x500_16-750x403.png 750w\" sizes=\"(max-width: 930px) 100vw, 930px\" \/>\n            <\/div>\n        <\/div><div class=\"eael-entry-wrapper\"><header class=\"eael-entry-header\"><h2 class=\"eael-entry-title\"><a class=\"eael-grid-post-link\" href=\"https:\/\/www.ficc.hr\/hr\/novosti-za-clanove\/top-10-hrvatskih-tvrtki-ina-najbolja-lidl-skocio-za-100-mjesta\/\" title=\"Top 10 hrvatskih tvrtki: Ina najbolja, Lidl sko\u010dio za 100 mjesta\">Top 10 hrvatskih tvrtki: Ina najbolja, Lidl sko\u010dio za 100 mjesta<\/a><\/h2><\/header><div class=\"eael-entry-content\">\n                        <div class=\"eael-grid-post-excerpt\"><a href=\"https:\/\/www.ficc.hr\/hr\/novosti-za-clanove\/top-10-hrvatskih-tvrtki-ina-najbolja-lidl-skocio-za-100-mjesta\/\" class=\"eael-post-elements-readmore-btn\">Otvori \u010dlanak<\/a><\/div>\n                    <\/div><div class=\"eael-entry-footer\"><div class=\"eael-entry-meta\"><span class=\"eael-posted-on\"><time datetime=\"04\/09\/2017\">04\/09\/2017<\/time><\/span><\/div><\/div><\/div><\/div>\n        <\/div>\n    <\/article><article class=\"eael-grid-post  eael-post-grid-column eael-pg-post-5979 category-novosti-za-clanove\" data-id=\"5979\">\n        <div class=\"eael-grid-post-holder\">\n            <div class=\"eael-grid-post-holder-inner\"><div class=\"eael-entry-media\"><div class=\"eael-entry-overlay fade-in\"><i class=\"fas fa-long-arrow-alt-right\" aria-hidden=\"true\"><\/i><a href=\"https:\/\/www.ficc.hr\/hr\/novosti-za-clanove\/borik-postaje-luksuzna-marina-jer-dogus-ulaze-jos-13-5-mil-kn\/\"><\/a><\/div><div class=\"eael-entry-thumbnail\">\n                <img loading=\"lazy\" decoding=\"async\" width=\"930\" height=\"500\" src=\"https:\/\/www.ficc.hr\/wp-content\/uploads\/2017\/01\/Dogus_logo.png\" class=\"attachment-full size-full wp-image-2682\" alt=\"\" srcset=\"https:\/\/www.ficc.hr\/wp-content\/uploads\/2017\/01\/Dogus_logo.png 930w, https:\/\/www.ficc.hr\/wp-content\/uploads\/2017\/01\/Dogus_logo-300x161.png 300w, https:\/\/www.ficc.hr\/wp-content\/uploads\/2017\/01\/Dogus_logo-768x413.png 768w, https:\/\/www.ficc.hr\/wp-content\/uploads\/2017\/01\/Dogus_logo-750x403.png 750w\" sizes=\"(max-width: 930px) 100vw, 930px\" \/>\n            <\/div>\n        <\/div><div class=\"eael-entry-wrapper\"><header class=\"eael-entry-header\"><h2 class=\"eael-entry-title\"><a class=\"eael-grid-post-link\" href=\"https:\/\/www.ficc.hr\/hr\/novosti-za-clanove\/borik-postaje-luksuzna-marina-jer-dogus-ulaze-jos-13-5-mil-kn\/\" title=\"Borik postaje luksuzna marina jer Dogus ula\u017ee jo\u0161 13.5 mil. Kn\">Borik postaje luksuzna marina jer Dogus ula\u017ee jo\u0161 13.5 mil. Kn<\/a><\/h2><\/header><div class=\"eael-entry-content\">\n                        <div class=\"eael-grid-post-excerpt\"><a href=\"https:\/\/www.ficc.hr\/hr\/novosti-za-clanove\/borik-postaje-luksuzna-marina-jer-dogus-ulaze-jos-13-5-mil-kn\/\" class=\"eael-post-elements-readmore-btn\">Otvori \u010dlanak<\/a><\/div>\n                    <\/div><div class=\"eael-entry-footer\"><div class=\"eael-entry-meta\"><span class=\"eael-posted-on\"><time datetime=\"04\/09\/2017\">04\/09\/2017<\/time><\/span><\/div><\/div><\/div><\/div>\n        <\/div>\n    <\/article><article class=\"eael-grid-post  eael-post-grid-column eael-pg-post-6040 category-novosti-za-clanove\" data-id=\"6040\">\n        <div class=\"eael-grid-post-holder\">\n            <div class=\"eael-grid-post-holder-inner\"><div class=\"eael-entry-media\"><div class=\"eael-entry-overlay fade-in\"><i class=\"fas fa-long-arrow-alt-right\" aria-hidden=\"true\"><\/i><a href=\"https:\/\/www.ficc.hr\/hr\/novosti-za-clanove\/addiko-banka-prva-u-hrvatskoj-dobila-certifikat-prijatelj-klijenata\/\"><\/a><\/div><div class=\"eael-entry-thumbnail\">\n                <img decoding=\"async\" width=\"930\" height=\"500\" src=\"https:\/\/www.ficc.hr\/wp-content\/uploads\/2016\/10\/logotipi_930x500_15.png\" class=\"attachment-full size-full wp-image-1086\" alt=\"\" srcset=\"https:\/\/www.ficc.hr\/wp-content\/uploads\/2016\/10\/logotipi_930x500_15.png 930w, https:\/\/www.ficc.hr\/wp-content\/uploads\/2016\/10\/logotipi_930x500_15-300x161.png 300w, https:\/\/www.ficc.hr\/wp-content\/uploads\/2016\/10\/logotipi_930x500_15-768x413.png 768w, https:\/\/www.ficc.hr\/wp-content\/uploads\/2016\/10\/logotipi_930x500_15-750x403.png 750w\" sizes=\"(max-width: 930px) 100vw, 930px\" \/>\n            <\/div>\n        <\/div><div class=\"eael-entry-wrapper\"><header class=\"eael-entry-header\"><h2 class=\"eael-entry-title\"><a class=\"eael-grid-post-link\" href=\"https:\/\/www.ficc.hr\/hr\/novosti-za-clanove\/addiko-banka-prva-u-hrvatskoj-dobila-certifikat-prijatelj-klijenata\/\" title=\"Addiko banka prva u Hrvatskoj dobila certifikat \u201cprijatelj klijenata\u201d\">Addiko banka prva u Hrvatskoj dobila certifikat \u201cprijatelj klijenata\u201d<\/a><\/h2><\/header><div class=\"eael-entry-content\">\n                        <div class=\"eael-grid-post-excerpt\"><a href=\"https:\/\/www.ficc.hr\/hr\/novosti-za-clanove\/addiko-banka-prva-u-hrvatskoj-dobila-certifikat-prijatelj-klijenata\/\" class=\"eael-post-elements-readmore-btn\">Otvori \u010dlanak<\/a><\/div>\n                    <\/div><div class=\"eael-entry-footer\"><div class=\"eael-entry-meta\"><span class=\"eael-posted-on\"><time datetime=\"19\/07\/2017\">19\/07\/2017<\/time><\/span><\/div><\/div><\/div><\/div>\n        <\/div>\n    <\/article><article class=\"eael-grid-post  eael-post-grid-column eael-pg-post-6016 category-novosti-za-clanove\" data-id=\"6016\">\n        <div class=\"eael-grid-post-holder\">\n            <div class=\"eael-grid-post-holder-inner\"><div class=\"eael-entry-media\"><div class=\"eael-entry-overlay fade-in\"><i class=\"fas fa-long-arrow-alt-right\" aria-hidden=\"true\"><\/i><a href=\"https:\/\/www.ficc.hr\/hr\/novosti-za-clanove\/d-resort-sibenik-iz-sastava-dogus-grupe-usao-u-globalni-lanac-najpoznatijih-luksuznih-hotela\/\"><\/a><\/div><div class=\"eael-entry-thumbnail\">\n                <img loading=\"lazy\" decoding=\"async\" width=\"930\" height=\"500\" src=\"https:\/\/www.ficc.hr\/wp-content\/uploads\/2017\/01\/Dogus_logo.png\" class=\"attachment-full size-full wp-image-2682\" alt=\"\" srcset=\"https:\/\/www.ficc.hr\/wp-content\/uploads\/2017\/01\/Dogus_logo.png 930w, https:\/\/www.ficc.hr\/wp-content\/uploads\/2017\/01\/Dogus_logo-300x161.png 300w, https:\/\/www.ficc.hr\/wp-content\/uploads\/2017\/01\/Dogus_logo-768x413.png 768w, https:\/\/www.ficc.hr\/wp-content\/uploads\/2017\/01\/Dogus_logo-750x403.png 750w\" sizes=\"(max-width: 930px) 100vw, 930px\" \/>\n            <\/div>\n        <\/div><div class=\"eael-entry-wrapper\"><header class=\"eael-entry-header\"><h2 class=\"eael-entry-title\"><a class=\"eael-grid-post-link\" href=\"https:\/\/www.ficc.hr\/hr\/novosti-za-clanove\/d-resort-sibenik-iz-sastava-dogus-grupe-usao-u-globalni-lanac-najpoznatijih-luksuznih-hotela\/\" title=\"D-Resort \u0160ibenik iz sastava Dogus grupe u\u0161ao u globalni lanac najpoznatijih luksuznih hotela\">D-Resort \u0160ibenik iz sastava Dogus grupe u\u0161ao u globalni lanac najpoznatijih luksuznih hotela<\/a><\/h2><\/header><div class=\"eael-entry-content\">\n                        <div class=\"eael-grid-post-excerpt\"><a href=\"https:\/\/www.ficc.hr\/hr\/novosti-za-clanove\/d-resort-sibenik-iz-sastava-dogus-grupe-usao-u-globalni-lanac-najpoznatijih-luksuznih-hotela\/\" class=\"eael-post-elements-readmore-btn\">Otvori \u010dlanak<\/a><\/div>\n                    <\/div><div class=\"eael-entry-footer\"><div class=\"eael-entry-meta\"><span class=\"eael-posted-on\"><time datetime=\"19\/07\/2017\">19\/07\/2017<\/time><\/span><\/div><\/div><\/div><\/div>\n        <\/div>\n    <\/article><article class=\"eael-grid-post  eael-post-grid-column eael-pg-post-6109 category-novosti-za-clanove\" data-id=\"6109\">\n        <div class=\"eael-grid-post-holder\">\n            <div class=\"eael-grid-post-holder-inner\"><div class=\"eael-entry-media\"><div class=\"eael-entry-overlay fade-in\"><i class=\"fas fa-long-arrow-alt-right\" aria-hidden=\"true\"><\/i><a href=\"https:\/\/www.ficc.hr\/hr\/novosti-za-clanove\/najbolji-trgovac-dm-a-proizvodac-godine-labud\/\"><\/a><\/div><div class=\"eael-entry-thumbnail\">\n                <img loading=\"lazy\" decoding=\"async\" width=\"930\" height=\"500\" src=\"https:\/\/www.ficc.hr\/wp-content\/uploads\/2016\/05\/logotipi_930x500.png\" class=\"attachment-full size-full wp-image-1060\" alt=\"\" srcset=\"https:\/\/www.ficc.hr\/wp-content\/uploads\/2016\/05\/logotipi_930x500.png 930w, https:\/\/www.ficc.hr\/wp-content\/uploads\/2016\/05\/logotipi_930x500-300x161.png 300w, https:\/\/www.ficc.hr\/wp-content\/uploads\/2016\/05\/logotipi_930x500-768x413.png 768w, https:\/\/www.ficc.hr\/wp-content\/uploads\/2016\/05\/logotipi_930x500-750x403.png 750w\" sizes=\"(max-width: 930px) 100vw, 930px\" \/>\n            <\/div>\n        <\/div><div class=\"eael-entry-wrapper\"><header class=\"eael-entry-header\"><h2 class=\"eael-entry-title\"><a class=\"eael-grid-post-link\" href=\"https:\/\/www.ficc.hr\/hr\/novosti-za-clanove\/najbolji-trgovac-dm-a-proizvodac-godine-labud\/\" title=\"Najbolji trgovac dm, a proizvo\u0111a\u010d godine Labud\">Najbolji trgovac dm, a proizvo\u0111a\u010d godine Labud<\/a><\/h2><\/header><div class=\"eael-entry-content\">\n                        <div class=\"eael-grid-post-excerpt\"><a href=\"https:\/\/www.ficc.hr\/hr\/novosti-za-clanove\/najbolji-trgovac-dm-a-proizvodac-godine-labud\/\" class=\"eael-post-elements-readmore-btn\">Otvori \u010dlanak<\/a><\/div>\n                    <\/div><div class=\"eael-entry-footer\"><div class=\"eael-entry-meta\"><span class=\"eael-posted-on\"><time datetime=\"11\/07\/2017\">11\/07\/2017<\/time><\/span><\/div><\/div><\/div><\/div>\n        <\/div>\n    <\/article><article class=\"eael-grid-post  eael-post-grid-column eael-pg-post-6091 category-novosti-za-clanove\" data-id=\"6091\">\n        <div class=\"eael-grid-post-holder\">\n            <div class=\"eael-grid-post-holder-inner\"><div class=\"eael-entry-media\"><div class=\"eael-entry-overlay fade-in\"><i class=\"fas fa-long-arrow-alt-right\" aria-hidden=\"true\"><\/i><a href=\"https:\/\/www.ficc.hr\/hr\/novosti-za-clanove\/grawe-u-deseti-put-1-nagrada-i-zig-kvalitete-za-izvrsnu-orijentiranost-prema-korisniku\/\"><\/a><\/div><div class=\"eael-entry-thumbnail\">\n                <img loading=\"lazy\" decoding=\"async\" width=\"930\" height=\"500\" src=\"https:\/\/www.ficc.hr\/wp-content\/uploads\/2015\/11\/logotipi_930x500_13.png\" class=\"attachment-full size-full wp-image-1070\" alt=\"\" srcset=\"https:\/\/www.ficc.hr\/wp-content\/uploads\/2015\/11\/logotipi_930x500_13.png 930w, https:\/\/www.ficc.hr\/wp-content\/uploads\/2015\/11\/logotipi_930x500_13-300x161.png 300w, https:\/\/www.ficc.hr\/wp-content\/uploads\/2015\/11\/logotipi_930x500_13-768x413.png 768w, https:\/\/www.ficc.hr\/wp-content\/uploads\/2015\/11\/logotipi_930x500_13-750x403.png 750w\" sizes=\"(max-width: 930px) 100vw, 930px\" \/>\n            <\/div>\n        <\/div><div class=\"eael-entry-wrapper\"><header class=\"eael-entry-header\"><h2 class=\"eael-entry-title\"><a class=\"eael-grid-post-link\" href=\"https:\/\/www.ficc.hr\/hr\/novosti-za-clanove\/grawe-u-deseti-put-1-nagrada-i-zig-kvalitete-za-izvrsnu-orijentiranost-prema-korisniku\/\" title=\"GRAWE-u deseti put 1. nagrada i \u017eig kvalitete za izvrsnu orijentiranost prema korisniku\">GRAWE-u deseti put 1. nagrada i \u017eig kvalitete za izvrsnu orijentiranost prema korisniku<\/a><\/h2><\/header><div class=\"eael-entry-content\">\n                        <div class=\"eael-grid-post-excerpt\"><a href=\"https:\/\/www.ficc.hr\/hr\/novosti-za-clanove\/grawe-u-deseti-put-1-nagrada-i-zig-kvalitete-za-izvrsnu-orijentiranost-prema-korisniku\/\" class=\"eael-post-elements-readmore-btn\">Otvori \u010dlanak<\/a><\/div>\n                    <\/div><div class=\"eael-entry-footer\"><div class=\"eael-entry-meta\"><span class=\"eael-posted-on\"><time datetime=\"11\/07\/2017\">11\/07\/2017<\/time><\/span><\/div><\/div><\/div><\/div>\n        <\/div>\n    <\/article><article class=\"eael-grid-post  eael-post-grid-column eael-pg-post-6070 category-novosti-za-clanove\" data-id=\"6070\">\n        <div class=\"eael-grid-post-holder\">\n            <div class=\"eael-grid-post-holder-inner\"><div class=\"eael-entry-media\"><div class=\"eael-entry-overlay fade-in\"><i class=\"fas fa-long-arrow-alt-right\" aria-hidden=\"true\"><\/i><a href=\"https:\/\/www.ficc.hr\/hr\/novosti-za-clanove\/ovih-6-kompanija-najbolji-su-poslodavci-u-hrvatskoj-prosle-godine\/\"><\/a><\/div><div class=\"eael-entry-thumbnail\">\n                <img loading=\"lazy\" decoding=\"async\" width=\"930\" height=\"500\" src=\"https:\/\/www.ficc.hr\/wp-content\/uploads\/2016\/10\/logotipi_930x500_9.png\" class=\"attachment-full size-full wp-image-1085\" alt=\"\" srcset=\"https:\/\/www.ficc.hr\/wp-content\/uploads\/2016\/10\/logotipi_930x500_9.png 930w, https:\/\/www.ficc.hr\/wp-content\/uploads\/2016\/10\/logotipi_930x500_9-300x161.png 300w, https:\/\/www.ficc.hr\/wp-content\/uploads\/2016\/10\/logotipi_930x500_9-768x413.png 768w, https:\/\/www.ficc.hr\/wp-content\/uploads\/2016\/10\/logotipi_930x500_9-750x403.png 750w\" sizes=\"(max-width: 930px) 100vw, 930px\" \/>\n            <\/div>\n        <\/div><div class=\"eael-entry-wrapper\"><header class=\"eael-entry-header\"><h2 class=\"eael-entry-title\"><a class=\"eael-grid-post-link\" href=\"https:\/\/www.ficc.hr\/hr\/novosti-za-clanove\/ovih-6-kompanija-najbolji-su-poslodavci-u-hrvatskoj-prosle-godine\/\" title=\"Ovih 6 kompanija najbolji su poslodavci u Hrvatskoj pro\u0161le godine\">Ovih 6 kompanija najbolji su poslodavci u Hrvatskoj pro\u0161le godine<\/a><\/h2><\/header><div class=\"eael-entry-content\">\n                        <div class=\"eael-grid-post-excerpt\"><a href=\"https:\/\/www.ficc.hr\/hr\/novosti-za-clanove\/ovih-6-kompanija-najbolji-su-poslodavci-u-hrvatskoj-prosle-godine\/\" class=\"eael-post-elements-readmore-btn\">Otvori \u010dlanak<\/a><\/div>\n                    <\/div><div class=\"eael-entry-footer\"><div class=\"eael-entry-meta\"><span class=\"eael-posted-on\"><time datetime=\"11\/07\/2017\">11\/07\/2017<\/time><\/span><\/div><\/div><\/div><\/div>\n        <\/div>\n    <\/article><article class=\"eael-grid-post  eael-post-grid-column eael-pg-post-6128 category-novosti-za-clanove\" data-id=\"6128\">\n        <div class=\"eael-grid-post-holder\">\n            <div class=\"eael-grid-post-holder-inner\"><div class=\"eael-entry-media\"><div class=\"eael-entry-overlay fade-in\"><i class=\"fas fa-long-arrow-alt-right\" aria-hidden=\"true\"><\/i><a href=\"https:\/\/www.ficc.hr\/hr\/novosti-za-clanove\/ht-investira-710-milijuna-kn-u-it-transformaciju\/\"><\/a><\/div><div class=\"eael-entry-thumbnail\">\n                <img decoding=\"async\" width=\"930\" height=\"500\" src=\"https:\/\/www.ficc.hr\/wp-content\/uploads\/2016\/05\/logotipi_930x500_16.png\" class=\"attachment-full size-full wp-image-1061\" alt=\"\" srcset=\"https:\/\/www.ficc.hr\/wp-content\/uploads\/2016\/05\/logotipi_930x500_16.png 930w, https:\/\/www.ficc.hr\/wp-content\/uploads\/2016\/05\/logotipi_930x500_16-300x161.png 300w, https:\/\/www.ficc.hr\/wp-content\/uploads\/2016\/05\/logotipi_930x500_16-768x413.png 768w, https:\/\/www.ficc.hr\/wp-content\/uploads\/2016\/05\/logotipi_930x500_16-750x403.png 750w\" sizes=\"(max-width: 930px) 100vw, 930px\" \/>\n            <\/div>\n        <\/div><div class=\"eael-entry-wrapper\"><header class=\"eael-entry-header\"><h2 class=\"eael-entry-title\"><a class=\"eael-grid-post-link\" href=\"https:\/\/www.ficc.hr\/hr\/novosti-za-clanove\/ht-investira-710-milijuna-kn-u-it-transformaciju\/\" title=\"HT investira 710 milijuna kn u IT transformaciju\">HT investira 710 milijuna kn u IT transformaciju<\/a><\/h2><\/header><div class=\"eael-entry-content\">\n                        <div class=\"eael-grid-post-excerpt\"><a href=\"https:\/\/www.ficc.hr\/hr\/novosti-za-clanove\/ht-investira-710-milijuna-kn-u-it-transformaciju\/\" class=\"eael-post-elements-readmore-btn\">Otvori \u010dlanak<\/a><\/div>\n                    <\/div><div class=\"eael-entry-footer\"><div class=\"eael-entry-meta\"><span class=\"eael-posted-on\"><time datetime=\"26\/05\/2017\">26\/05\/2017<\/time><\/span><\/div><\/div><\/div><\/div>\n        <\/div>\n    <\/article><article class=\"eael-grid-post  eael-post-grid-column eael-pg-post-6226 category-novosti-za-clanove\" data-id=\"6226\">\n        <div class=\"eael-grid-post-holder\">\n            <div class=\"eael-grid-post-holder-inner\"><div class=\"eael-entry-media\"><div class=\"eael-entry-overlay fade-in\"><i class=\"fas fa-long-arrow-alt-right\" aria-hidden=\"true\"><\/i><a href=\"https:\/\/www.ficc.hr\/hr\/novosti-za-clanove\/losinjska-tvrtka-jadranka-hoteli-nositelj-je-prestiznog-certifikata-iso-50001\/\"><\/a><\/div><div class=\"eael-entry-thumbnail\">\n                <img loading=\"lazy\" decoding=\"async\" width=\"930\" height=\"500\" src=\"https:\/\/www.ficc.hr\/wp-content\/uploads\/2016\/02\/logotipi_930x500_23.png\" class=\"attachment-full size-full wp-image-1064\" alt=\"\" srcset=\"https:\/\/www.ficc.hr\/wp-content\/uploads\/2016\/02\/logotipi_930x500_23.png 930w, https:\/\/www.ficc.hr\/wp-content\/uploads\/2016\/02\/logotipi_930x500_23-300x161.png 300w, https:\/\/www.ficc.hr\/wp-content\/uploads\/2016\/02\/logotipi_930x500_23-768x413.png 768w, https:\/\/www.ficc.hr\/wp-content\/uploads\/2016\/02\/logotipi_930x500_23-750x403.png 750w\" sizes=\"(max-width: 930px) 100vw, 930px\" \/>\n            <\/div>\n        <\/div><div class=\"eael-entry-wrapper\"><header class=\"eael-entry-header\"><h2 class=\"eael-entry-title\"><a class=\"eael-grid-post-link\" href=\"https:\/\/www.ficc.hr\/hr\/novosti-za-clanove\/losinjska-tvrtka-jadranka-hoteli-nositelj-je-prestiznog-certifikata-iso-50001\/\" title=\"Lo\u0161injska tvrtka Jadranka hoteli nositelj je presti\u017enog certifikata ISO 50001\">Lo\u0161injska tvrtka Jadranka hoteli nositelj je presti\u017enog certifikata ISO 50001<\/a><\/h2><\/header><div class=\"eael-entry-content\">\n                        <div class=\"eael-grid-post-excerpt\"><a href=\"https:\/\/www.ficc.hr\/hr\/novosti-za-clanove\/losinjska-tvrtka-jadranka-hoteli-nositelj-je-prestiznog-certifikata-iso-50001\/\" class=\"eael-post-elements-readmore-btn\">Otvori \u010dlanak<\/a><\/div>\n                    <\/div><div class=\"eael-entry-footer\"><div class=\"eael-entry-meta\"><span class=\"eael-posted-on\"><time datetime=\"26\/05\/2017\">26\/05\/2017<\/time><\/span><\/div><\/div><\/div><\/div>\n        <\/div>\n    <\/article><article class=\"eael-grid-post  eael-post-grid-column eael-pg-post-6210 category-novosti-za-clanove\" data-id=\"6210\">\n        <div class=\"eael-grid-post-holder\">\n            <div class=\"eael-grid-post-holder-inner\"><div class=\"eael-entry-media\"><div class=\"eael-entry-overlay fade-in\"><i class=\"fas fa-long-arrow-alt-right\" aria-hidden=\"true\"><\/i><a href=\"https:\/\/www.ficc.hr\/hr\/novosti-za-clanove\/investicija-je-investicija\/\"><\/a><\/div><div class=\"eael-entry-thumbnail\">\n                <img loading=\"lazy\" decoding=\"async\" width=\"930\" height=\"501\" src=\"https:\/\/www.ficc.hr\/wp-content\/uploads\/2017\/05\/fic-logo-930x500-1-e1617178272183.png\" class=\"attachment-full size-full wp-image-6915\" alt=\"\" \/>\n            <\/div>\n        <\/div><div class=\"eael-entry-wrapper\"><header class=\"eael-entry-header\"><h2 class=\"eael-entry-title\"><a class=\"eael-grid-post-link\" href=\"https:\/\/www.ficc.hr\/hr\/novosti-za-clanove\/investicija-je-investicija\/\" title=\"Investicija je investicija\">Investicija je investicija<\/a><\/h2><\/header><div class=\"eael-entry-content\">\n                        <div class=\"eael-grid-post-excerpt\"><a href=\"https:\/\/www.ficc.hr\/hr\/novosti-za-clanove\/investicija-je-investicija\/\" class=\"eael-post-elements-readmore-btn\">Otvori \u010dlanak<\/a><\/div>\n                    <\/div><div class=\"eael-entry-footer\"><div class=\"eael-entry-meta\"><span class=\"eael-posted-on\"><time datetime=\"26\/05\/2017\">26\/05\/2017<\/time><\/span><\/div><\/div><\/div><\/div>\n        <\/div>\n    <\/article><article class=\"eael-grid-post  eael-post-grid-column eael-pg-post-6197 category-novosti-za-clanove\" data-id=\"6197\">\n        <div class=\"eael-grid-post-holder\">\n            <div class=\"eael-grid-post-holder-inner\"><div class=\"eael-entry-media\"><div class=\"eael-entry-overlay fade-in\"><i class=\"fas fa-long-arrow-alt-right\" aria-hidden=\"true\"><\/i><a href=\"https:\/\/www.ficc.hr\/hr\/novosti-za-clanove\/global-finance-u-srednjoj-europi-najbolja-raiffeisen-bank-international-a-pbz-u-hrvatskoj\/\"><\/a><\/div><div class=\"eael-entry-thumbnail\">\n                <img loading=\"lazy\" decoding=\"async\" width=\"930\" height=\"500\" src=\"https:\/\/www.ficc.hr\/wp-content\/uploads\/2016\/03\/logotipi_930x500_10.png\" class=\"attachment-full size-full wp-image-1062\" alt=\"\" srcset=\"https:\/\/www.ficc.hr\/wp-content\/uploads\/2016\/03\/logotipi_930x500_10.png 930w, https:\/\/www.ficc.hr\/wp-content\/uploads\/2016\/03\/logotipi_930x500_10-300x161.png 300w, https:\/\/www.ficc.hr\/wp-content\/uploads\/2016\/03\/logotipi_930x500_10-768x413.png 768w, https:\/\/www.ficc.hr\/wp-content\/uploads\/2016\/03\/logotipi_930x500_10-750x403.png 750w\" sizes=\"(max-width: 930px) 100vw, 930px\" \/>\n            <\/div>\n        <\/div><div class=\"eael-entry-wrapper\"><header class=\"eael-entry-header\"><h2 class=\"eael-entry-title\"><a class=\"eael-grid-post-link\" href=\"https:\/\/www.ficc.hr\/hr\/novosti-za-clanove\/global-finance-u-srednjoj-europi-najbolja-raiffeisen-bank-international-a-pbz-u-hrvatskoj\/\" title=\"Global Finance: U srednjoj Europi najbolja Raiffeisen Bank International, a PBZ u Hrvatskoj\">Global Finance: U srednjoj Europi najbolja Raiffeisen Bank International, a PBZ u Hrvatskoj<\/a><\/h2><\/header><div class=\"eael-entry-content\">\n                        <div class=\"eael-grid-post-excerpt\"><a href=\"https:\/\/www.ficc.hr\/hr\/novosti-za-clanove\/global-finance-u-srednjoj-europi-najbolja-raiffeisen-bank-international-a-pbz-u-hrvatskoj\/\" class=\"eael-post-elements-readmore-btn\">Otvori \u010dlanak<\/a><\/div>\n                    <\/div><div class=\"eael-entry-footer\"><div class=\"eael-entry-meta\"><span class=\"eael-posted-on\"><time datetime=\"26\/05\/2017\">26\/05\/2017<\/time><\/span><\/div><\/div><\/div><\/div>\n        <\/div>\n    <\/article><article class=\"eael-grid-post  eael-post-grid-column eael-pg-post-6186 category-novosti-za-clanove\" data-id=\"6186\">\n        <div class=\"eael-grid-post-holder\">\n            <div class=\"eael-grid-post-holder-inner\"><div class=\"eael-entry-media\"><div class=\"eael-entry-overlay fade-in\"><i class=\"fas fa-long-arrow-alt-right\" aria-hidden=\"true\"><\/i><a href=\"https:\/\/www.ficc.hr\/hr\/novosti-za-clanove\/erste-asset-management-najbolje-drustvo-za-upravljanje-investicijskim-fondovima-u-2016\/\"><\/a><\/div><div class=\"eael-entry-thumbnail\">\n                <img loading=\"lazy\" decoding=\"async\" width=\"930\" height=\"500\" src=\"https:\/\/www.ficc.hr\/wp-content\/uploads\/2016\/10\/logotipi_930x500_21.png\" class=\"attachment-full size-full wp-image-1058\" alt=\"\" srcset=\"https:\/\/www.ficc.hr\/wp-content\/uploads\/2016\/10\/logotipi_930x500_21.png 930w, https:\/\/www.ficc.hr\/wp-content\/uploads\/2016\/10\/logotipi_930x500_21-300x161.png 300w, https:\/\/www.ficc.hr\/wp-content\/uploads\/2016\/10\/logotipi_930x500_21-768x413.png 768w, https:\/\/www.ficc.hr\/wp-content\/uploads\/2016\/10\/logotipi_930x500_21-750x403.png 750w\" sizes=\"(max-width: 930px) 100vw, 930px\" \/>\n            <\/div>\n        <\/div><div class=\"eael-entry-wrapper\"><header class=\"eael-entry-header\"><h2 class=\"eael-entry-title\"><a class=\"eael-grid-post-link\" href=\"https:\/\/www.ficc.hr\/hr\/novosti-za-clanove\/erste-asset-management-najbolje-drustvo-za-upravljanje-investicijskim-fondovima-u-2016\/\" title=\"Erste Asset Management najbolje dru\u0161tvo za upravljanje investicijskim fondovima u 2016.\">Erste Asset Management najbolje dru\u0161tvo za upravljanje investicijskim fondovima u 2016.<\/a><\/h2><\/header><div class=\"eael-entry-content\">\n                        <div class=\"eael-grid-post-excerpt\"><a href=\"https:\/\/www.ficc.hr\/hr\/novosti-za-clanove\/erste-asset-management-najbolje-drustvo-za-upravljanje-investicijskim-fondovima-u-2016\/\" class=\"eael-post-elements-readmore-btn\">Otvori \u010dlanak<\/a><\/div>\n                    <\/div><div class=\"eael-entry-footer\"><div class=\"eael-entry-meta\"><span class=\"eael-posted-on\"><time datetime=\"26\/05\/2017\">26\/05\/2017<\/time><\/span><\/div><\/div><\/div><\/div>\n        <\/div>\n    <\/article><article class=\"eael-grid-post  eael-post-grid-column eael-pg-post-6176 category-novosti-za-clanove\" data-id=\"6176\">\n        <div class=\"eael-grid-post-holder\">\n            <div class=\"eael-grid-post-holder-inner\"><div class=\"eael-entry-media\"><div class=\"eael-entry-overlay fade-in\"><i class=\"fas fa-long-arrow-alt-right\" aria-hidden=\"true\"><\/i><a href=\"https:\/\/www.ficc.hr\/hr\/novosti-za-clanove\/ovo-su-tri-najbolja-poslodavca-u-hrvatskoj\/\"><\/a><\/div><div class=\"eael-entry-thumbnail\">\n                <img loading=\"lazy\" decoding=\"async\" width=\"930\" height=\"500\" src=\"https:\/\/www.ficc.hr\/wp-content\/uploads\/2016\/05\/logotipi_930x500.png\" class=\"attachment-full size-full wp-image-1060\" alt=\"\" srcset=\"https:\/\/www.ficc.hr\/wp-content\/uploads\/2016\/05\/logotipi_930x500.png 930w, https:\/\/www.ficc.hr\/wp-content\/uploads\/2016\/05\/logotipi_930x500-300x161.png 300w, https:\/\/www.ficc.hr\/wp-content\/uploads\/2016\/05\/logotipi_930x500-768x413.png 768w, https:\/\/www.ficc.hr\/wp-content\/uploads\/2016\/05\/logotipi_930x500-750x403.png 750w\" sizes=\"(max-width: 930px) 100vw, 930px\" \/>\n            <\/div>\n        <\/div><div class=\"eael-entry-wrapper\"><header class=\"eael-entry-header\"><h2 class=\"eael-entry-title\"><a class=\"eael-grid-post-link\" href=\"https:\/\/www.ficc.hr\/hr\/novosti-za-clanove\/ovo-su-tri-najbolja-poslodavca-u-hrvatskoj\/\" title=\"Ovo su tri najbolja poslodavca u Hrvatskoj\">Ovo su tri najbolja poslodavca u Hrvatskoj<\/a><\/h2><\/header><div class=\"eael-entry-content\">\n                        <div class=\"eael-grid-post-excerpt\"><a href=\"https:\/\/www.ficc.hr\/hr\/novosti-za-clanove\/ovo-su-tri-najbolja-poslodavca-u-hrvatskoj\/\" class=\"eael-post-elements-readmore-btn\">Otvori \u010dlanak<\/a><\/div>\n                    <\/div><div class=\"eael-entry-footer\"><div class=\"eael-entry-meta\"><span class=\"eael-posted-on\"><time datetime=\"26\/05\/2017\">26\/05\/2017<\/time><\/span><\/div><\/div><\/div><\/div>\n        <\/div>\n    <\/article><article class=\"eael-grid-post  eael-post-grid-column eael-pg-post-6161 category-novosti-za-clanove\" data-id=\"6161\">\n        <div class=\"eael-grid-post-holder\">\n            <div class=\"eael-grid-post-holder-inner\"><div class=\"eael-entry-media\"><div class=\"eael-entry-overlay fade-in\"><i class=\"fas fa-long-arrow-alt-right\" aria-hidden=\"true\"><\/i><a href=\"https:\/\/www.ficc.hr\/hr\/novosti-za-clanove\/ina-sesti-put-dobitnik-certifikata-poslodavac-partner\/\"><\/a><\/div><div class=\"eael-entry-thumbnail\">\n                <img loading=\"lazy\" decoding=\"async\" width=\"930\" height=\"500\" src=\"https:\/\/www.ficc.hr\/wp-content\/uploads\/2012\/11\/INA_logo.jpg\" class=\"attachment-full size-full wp-image-1939\" alt=\"\" srcset=\"https:\/\/www.ficc.hr\/wp-content\/uploads\/2012\/11\/INA_logo.jpg 930w, https:\/\/www.ficc.hr\/wp-content\/uploads\/2012\/11\/INA_logo-300x161.jpg 300w, https:\/\/www.ficc.hr\/wp-content\/uploads\/2012\/11\/INA_logo-768x413.jpg 768w, https:\/\/www.ficc.hr\/wp-content\/uploads\/2012\/11\/INA_logo-750x403.jpg 750w\" sizes=\"(max-width: 930px) 100vw, 930px\" \/>\n            <\/div>\n        <\/div><div class=\"eael-entry-wrapper\"><header class=\"eael-entry-header\"><h2 class=\"eael-entry-title\"><a class=\"eael-grid-post-link\" href=\"https:\/\/www.ficc.hr\/hr\/novosti-za-clanove\/ina-sesti-put-dobitnik-certifikata-poslodavac-partner\/\" title=\"INA \u0161esti put dobitnik Certifikata Poslodavac Partner\">INA \u0161esti put dobitnik Certifikata Poslodavac Partner<\/a><\/h2><\/header><div class=\"eael-entry-content\">\n                        <div class=\"eael-grid-post-excerpt\"><a href=\"https:\/\/www.ficc.hr\/hr\/novosti-za-clanove\/ina-sesti-put-dobitnik-certifikata-poslodavac-partner\/\" class=\"eael-post-elements-readmore-btn\">Otvori \u010dlanak<\/a><\/div>\n                    <\/div><div class=\"eael-entry-footer\"><div class=\"eael-entry-meta\"><span class=\"eael-posted-on\"><time datetime=\"26\/05\/2017\">26\/05\/2017<\/time><\/span><\/div><\/div><\/div><\/div>\n        <\/div>\n    <\/article><article class=\"eael-grid-post  eael-post-grid-column eael-pg-post-6209 category-novosti-za-clanove\" data-id=\"6209\">\n        <div class=\"eael-grid-post-holder\">\n            <div class=\"eael-grid-post-holder-inner\"><div class=\"eael-entry-media\"><div class=\"eael-entry-overlay fade-in\"><i class=\"fas fa-long-arrow-alt-right\" aria-hidden=\"true\"><\/i><a href=\"https:\/\/www.ficc.hr\/hr\/novosti-za-clanove\/dm-drogerie-markt-siri-suradnju-s-hrvatskim-proizvodacima-vec-treci-opg-u-godinu-dana-dobio-ulaz-na-njihove-police\/\"><\/a><\/div><div class=\"eael-entry-thumbnail\">\n                <img loading=\"lazy\" decoding=\"async\" width=\"930\" height=\"500\" src=\"https:\/\/www.ficc.hr\/wp-content\/uploads\/2016\/05\/logotipi_930x500.png\" class=\"attachment-full size-full wp-image-1060\" alt=\"\" srcset=\"https:\/\/www.ficc.hr\/wp-content\/uploads\/2016\/05\/logotipi_930x500.png 930w, https:\/\/www.ficc.hr\/wp-content\/uploads\/2016\/05\/logotipi_930x500-300x161.png 300w, https:\/\/www.ficc.hr\/wp-content\/uploads\/2016\/05\/logotipi_930x500-768x413.png 768w, https:\/\/www.ficc.hr\/wp-content\/uploads\/2016\/05\/logotipi_930x500-750x403.png 750w\" sizes=\"(max-width: 930px) 100vw, 930px\" \/>\n            <\/div>\n        <\/div><div class=\"eael-entry-wrapper\"><header class=\"eael-entry-header\"><h2 class=\"eael-entry-title\"><a class=\"eael-grid-post-link\" href=\"https:\/\/www.ficc.hr\/hr\/novosti-za-clanove\/dm-drogerie-markt-siri-suradnju-s-hrvatskim-proizvodacima-vec-treci-opg-u-godinu-dana-dobio-ulaz-na-njihove-police\/\" title=\"dm-drogerie markt \u0161iri suradnju s hrvatskim proizvo\u0111a\u010dima, ve\u0107 tre\u0107i OPG u godinu dana dobio ulaz na njihove police\">dm-drogerie markt \u0161iri suradnju s hrvatskim proizvo\u0111a\u010dima, ve\u0107 tre\u0107i OPG u godinu dana dobio ulaz na njihove police<\/a><\/h2><\/header><div class=\"eael-entry-content\">\n                        <div class=\"eael-grid-post-excerpt\"><a href=\"https:\/\/www.ficc.hr\/hr\/novosti-za-clanove\/dm-drogerie-markt-siri-suradnju-s-hrvatskim-proizvodacima-vec-treci-opg-u-godinu-dana-dobio-ulaz-na-njihove-police\/\" class=\"eael-post-elements-readmore-btn\">Otvori \u010dlanak<\/a><\/div>\n                    <\/div><div class=\"eael-entry-footer\"><div class=\"eael-entry-meta\"><span class=\"eael-posted-on\"><time datetime=\"19\/01\/2017\">19\/01\/2017<\/time><\/span><\/div><\/div><\/div><\/div>\n        <\/div>\n    <\/article><article class=\"eael-grid-post  eael-post-grid-column eael-pg-post-6192 category-novosti-za-clanove\" data-id=\"6192\">\n        <div class=\"eael-grid-post-holder\">\n            <div class=\"eael-grid-post-holder-inner\"><div class=\"eael-entry-media\"><div class=\"eael-entry-overlay fade-in\"><i class=\"fas fa-long-arrow-alt-right\" aria-hidden=\"true\"><\/i><a href=\"https:\/\/www.ficc.hr\/hr\/novosti-za-clanove\/addiko-banka-povecala-procjenu-rasta-bdp-a-u-2017-na-35-posto-2\/\"><\/a><\/div><div class=\"eael-entry-thumbnail\">\n                <img decoding=\"async\" width=\"930\" height=\"500\" src=\"https:\/\/www.ficc.hr\/wp-content\/uploads\/2016\/10\/logotipi_930x500_15.png\" class=\"attachment-full size-full wp-image-1086\" alt=\"\" srcset=\"https:\/\/www.ficc.hr\/wp-content\/uploads\/2016\/10\/logotipi_930x500_15.png 930w, https:\/\/www.ficc.hr\/wp-content\/uploads\/2016\/10\/logotipi_930x500_15-300x161.png 300w, https:\/\/www.ficc.hr\/wp-content\/uploads\/2016\/10\/logotipi_930x500_15-768x413.png 768w, https:\/\/www.ficc.hr\/wp-content\/uploads\/2016\/10\/logotipi_930x500_15-750x403.png 750w\" sizes=\"(max-width: 930px) 100vw, 930px\" \/>\n            <\/div>\n        <\/div><div class=\"eael-entry-wrapper\"><header class=\"eael-entry-header\"><h2 class=\"eael-entry-title\"><a class=\"eael-grid-post-link\" href=\"https:\/\/www.ficc.hr\/hr\/novosti-za-clanove\/addiko-banka-povecala-procjenu-rasta-bdp-a-u-2017-na-35-posto-2\/\" title=\"Addiko banka pove\u0107ala procjenu rasta BDP-a u 2017. na 3,5 posto\">Addiko banka pove\u0107ala procjenu rasta BDP-a u 2017. na 3,5 posto<\/a><\/h2><\/header><div class=\"eael-entry-content\">\n                        <div class=\"eael-grid-post-excerpt\"><a href=\"https:\/\/www.ficc.hr\/hr\/novosti-za-clanove\/addiko-banka-povecala-procjenu-rasta-bdp-a-u-2017-na-35-posto-2\/\" class=\"eael-post-elements-readmore-btn\">Otvori \u010dlanak<\/a><\/div>\n                    <\/div><div class=\"eael-entry-footer\"><div class=\"eael-entry-meta\"><span class=\"eael-posted-on\"><time datetime=\"19\/01\/2017\">19\/01\/2017<\/time><\/span><\/div><\/div><\/div><\/div>\n        <\/div>\n    <\/article><article class=\"eael-grid-post  eael-post-grid-column eael-pg-post-6160 category-novosti-za-clanove\" data-id=\"6160\">\n        <div class=\"eael-grid-post-holder\">\n            <div class=\"eael-grid-post-holder-inner\"><div class=\"eael-entry-media\"><div class=\"eael-entry-overlay fade-in\"><i class=\"fas fa-long-arrow-alt-right\" aria-hidden=\"true\"><\/i><a href=\"https:\/\/www.ficc.hr\/hr\/novosti-za-clanove\/bat-kupuje-reynolds-za-494-milijarde-dolara-postaje-najveca-duhanska-kompanija-svijeta\/\"><\/a><\/div><div class=\"eael-entry-thumbnail\">\n                <img loading=\"lazy\" decoding=\"async\" width=\"930\" height=\"500\" src=\"https:\/\/www.ficc.hr\/wp-content\/uploads\/2015\/11\/logotipi_930x500_27.png\" class=\"attachment-full size-full wp-image-1067\" alt=\"\" srcset=\"https:\/\/www.ficc.hr\/wp-content\/uploads\/2015\/11\/logotipi_930x500_27.png 930w, https:\/\/www.ficc.hr\/wp-content\/uploads\/2015\/11\/logotipi_930x500_27-300x161.png 300w, https:\/\/www.ficc.hr\/wp-content\/uploads\/2015\/11\/logotipi_930x500_27-768x413.png 768w, https:\/\/www.ficc.hr\/wp-content\/uploads\/2015\/11\/logotipi_930x500_27-750x403.png 750w\" sizes=\"(max-width: 930px) 100vw, 930px\" \/>\n            <\/div>\n        <\/div><div class=\"eael-entry-wrapper\"><header class=\"eael-entry-header\"><h2 class=\"eael-entry-title\"><a class=\"eael-grid-post-link\" href=\"https:\/\/www.ficc.hr\/hr\/novosti-za-clanove\/bat-kupuje-reynolds-za-494-milijarde-dolara-postaje-najveca-duhanska-kompanija-svijeta\/\" title=\"BAT kupuje Reynolds za 49,4 milijarde dolara, postaje najve\u0107a duhanska kompanija svijeta\">BAT kupuje Reynolds za 49,4 milijarde dolara, postaje najve\u0107a duhanska kompanija svijeta<\/a><\/h2><\/header><div class=\"eael-entry-content\">\n                        <div class=\"eael-grid-post-excerpt\"><a href=\"https:\/\/www.ficc.hr\/hr\/novosti-za-clanove\/bat-kupuje-reynolds-za-494-milijarde-dolara-postaje-najveca-duhanska-kompanija-svijeta\/\" class=\"eael-post-elements-readmore-btn\">Otvori \u010dlanak<\/a><\/div>\n                    <\/div><div class=\"eael-entry-footer\"><div class=\"eael-entry-meta\"><span class=\"eael-posted-on\"><time datetime=\"17\/01\/2017\">17\/01\/2017<\/time><\/span><\/div><\/div><\/div><\/div>\n        <\/div>\n    <\/article><article class=\"eael-grid-post  eael-post-grid-column eael-pg-post-6152 category-novosti-za-clanove\" data-id=\"6152\">\n        <div class=\"eael-grid-post-holder\">\n            <div class=\"eael-grid-post-holder-inner\"><div class=\"eael-entry-media\"><div class=\"eael-entry-overlay fade-in\"><i class=\"fas fa-long-arrow-alt-right\" aria-hidden=\"true\"><\/i><a href=\"https:\/\/www.ficc.hr\/hr\/novosti-za-clanove\/najveca-akvizicija-domaceg-telekoma-ht-preuzeo-crnogorski-telekom-za-1235-milijuna-eura\/\"><\/a><\/div><div class=\"eael-entry-thumbnail\">\n                <img decoding=\"async\" width=\"930\" height=\"500\" src=\"https:\/\/www.ficc.hr\/wp-content\/uploads\/2016\/05\/logotipi_930x500_16.png\" class=\"attachment-full size-full wp-image-1061\" alt=\"\" srcset=\"https:\/\/www.ficc.hr\/wp-content\/uploads\/2016\/05\/logotipi_930x500_16.png 930w, https:\/\/www.ficc.hr\/wp-content\/uploads\/2016\/05\/logotipi_930x500_16-300x161.png 300w, https:\/\/www.ficc.hr\/wp-content\/uploads\/2016\/05\/logotipi_930x500_16-768x413.png 768w, https:\/\/www.ficc.hr\/wp-content\/uploads\/2016\/05\/logotipi_930x500_16-750x403.png 750w\" sizes=\"(max-width: 930px) 100vw, 930px\" \/>\n            <\/div>\n        <\/div><div class=\"eael-entry-wrapper\"><header class=\"eael-entry-header\"><h2 class=\"eael-entry-title\"><a class=\"eael-grid-post-link\" href=\"https:\/\/www.ficc.hr\/hr\/novosti-za-clanove\/najveca-akvizicija-domaceg-telekoma-ht-preuzeo-crnogorski-telekom-za-1235-milijuna-eura\/\" title=\"Najve\u0107a akvizicija doma\u0107eg telekoma: HT preuzeo Crnogorski Telekom za 123,5 milijuna eura\">Najve\u0107a akvizicija doma\u0107eg telekoma: HT preuzeo Crnogorski Telekom za 123,5 milijuna eura<\/a><\/h2><\/header><div class=\"eael-entry-content\">\n                        <div class=\"eael-grid-post-excerpt\"><a href=\"https:\/\/www.ficc.hr\/hr\/novosti-za-clanove\/najveca-akvizicija-domaceg-telekoma-ht-preuzeo-crnogorski-telekom-za-1235-milijuna-eura\/\" class=\"eael-post-elements-readmore-btn\">Otvori \u010dlanak<\/a><\/div>\n                    <\/div><div class=\"eael-entry-footer\"><div class=\"eael-entry-meta\"><span class=\"eael-posted-on\"><time datetime=\"10\/01\/2017\">10\/01\/2017<\/time><\/span><\/div><\/div><\/div><\/div>\n        <\/div>\n    <\/article><article class=\"eael-grid-post  eael-post-grid-column eael-pg-post-6124 category-novosti-za-clanove\" data-id=\"6124\">\n        <div class=\"eael-grid-post-holder\">\n            <div class=\"eael-grid-post-holder-inner\"><div class=\"eael-entry-media\"><div class=\"eael-entry-overlay fade-in\"><i class=\"fas fa-long-arrow-alt-right\" aria-hidden=\"true\"><\/i><a href=\"https:\/\/www.ficc.hr\/hr\/novosti-za-clanove\/plivinih-devedeset-i-pet-godina-izvrsnosti\/\"><\/a><\/div><div class=\"eael-entry-thumbnail\">\n                <img loading=\"lazy\" decoding=\"async\" width=\"930\" height=\"500\" src=\"https:\/\/www.ficc.hr\/wp-content\/uploads\/2016\/10\/logotipi_930x500_9.png\" class=\"attachment-full size-full wp-image-1085\" alt=\"\" srcset=\"https:\/\/www.ficc.hr\/wp-content\/uploads\/2016\/10\/logotipi_930x500_9.png 930w, https:\/\/www.ficc.hr\/wp-content\/uploads\/2016\/10\/logotipi_930x500_9-300x161.png 300w, https:\/\/www.ficc.hr\/wp-content\/uploads\/2016\/10\/logotipi_930x500_9-768x413.png 768w, https:\/\/www.ficc.hr\/wp-content\/uploads\/2016\/10\/logotipi_930x500_9-750x403.png 750w\" sizes=\"(max-width: 930px) 100vw, 930px\" \/>\n            <\/div>\n        <\/div><div class=\"eael-entry-wrapper\"><header class=\"eael-entry-header\"><h2 class=\"eael-entry-title\"><a class=\"eael-grid-post-link\" href=\"https:\/\/www.ficc.hr\/hr\/novosti-za-clanove\/plivinih-devedeset-i-pet-godina-izvrsnosti\/\" title=\"Plivinih devedeset i pet godina izvrsnosti\">Plivinih devedeset i pet godina izvrsnosti<\/a><\/h2><\/header><div class=\"eael-entry-content\">\n                        <div class=\"eael-grid-post-excerpt\"><a href=\"https:\/\/www.ficc.hr\/hr\/novosti-za-clanove\/plivinih-devedeset-i-pet-godina-izvrsnosti\/\" class=\"eael-post-elements-readmore-btn\">Otvori \u010dlanak<\/a><\/div>\n                    <\/div><div class=\"eael-entry-footer\"><div class=\"eael-entry-meta\"><span class=\"eael-posted-on\"><time datetime=\"14\/12\/2016\">14\/12\/2016<\/time><\/span><\/div><\/div><\/div><\/div>\n        <\/div>\n    <\/article><article class=\"eael-grid-post  eael-post-grid-column eael-pg-post-6106 category-novosti-za-clanove\" data-id=\"6106\">\n        <div class=\"eael-grid-post-holder\">\n            <div class=\"eael-grid-post-holder-inner\"><div class=\"eael-entry-media\"><div class=\"eael-entry-overlay fade-in\"><i class=\"fas fa-long-arrow-alt-right\" aria-hidden=\"true\"><\/i><a href=\"https:\/\/www.ficc.hr\/hr\/novosti-za-clanove\/the-banker-proglasio-rbi-bankom-godine-u-srednjoj-i-istocnoj-europi\/\"><\/a><\/div><div class=\"eael-entry-thumbnail\">\n                <img loading=\"lazy\" decoding=\"async\" width=\"930\" height=\"501\" src=\"https:\/\/www.ficc.hr\/wp-content\/uploads\/2016\/12\/the-banker-logo-930x500-1-e1617177703237.png\" class=\"attachment-full size-full wp-image-6901\" alt=\"\" \/>\n            <\/div>\n        <\/div><div class=\"eael-entry-wrapper\"><header class=\"eael-entry-header\"><h2 class=\"eael-entry-title\"><a class=\"eael-grid-post-link\" href=\"https:\/\/www.ficc.hr\/hr\/novosti-za-clanove\/the-banker-proglasio-rbi-bankom-godine-u-srednjoj-i-istocnoj-europi\/\" title=\"The Banker proglasio RBI bankom godine u Srednjoj i Isto\u010dnoj Europi\">The Banker proglasio RBI bankom godine u Srednjoj i Isto\u010dnoj Europi<\/a><\/h2><\/header><div class=\"eael-entry-content\">\n                        <div class=\"eael-grid-post-excerpt\"><a href=\"https:\/\/www.ficc.hr\/hr\/novosti-za-clanove\/the-banker-proglasio-rbi-bankom-godine-u-srednjoj-i-istocnoj-europi\/\" class=\"eael-post-elements-readmore-btn\">Otvori \u010dlanak<\/a><\/div>\n                    <\/div><div class=\"eael-entry-footer\"><div class=\"eael-entry-meta\"><span class=\"eael-posted-on\"><time datetime=\"09\/12\/2016\">09\/12\/2016<\/time><\/span><\/div><\/div><\/div><\/div>\n        <\/div>\n    <\/article><article class=\"eael-grid-post  eael-post-grid-column eael-pg-post-6090 category-novosti-za-clanove\" data-id=\"6090\">\n        <div class=\"eael-grid-post-holder\">\n            <div class=\"eael-grid-post-holder-inner\"><div class=\"eael-entry-media\"><div class=\"eael-entry-overlay fade-in\"><i class=\"fas fa-long-arrow-alt-right\" aria-hidden=\"true\"><\/i><a href=\"https:\/\/www.ficc.hr\/hr\/novosti-za-clanove\/dm-drogerie-markt-sesti-put-proglasen-najboljim-poslodavcem-u-hrvatskoj\/\"><\/a><\/div><div class=\"eael-entry-thumbnail\">\n                <img loading=\"lazy\" decoding=\"async\" width=\"930\" height=\"500\" src=\"https:\/\/www.ficc.hr\/wp-content\/uploads\/2016\/05\/logotipi_930x500.png\" class=\"attachment-full size-full wp-image-1060\" alt=\"\" srcset=\"https:\/\/www.ficc.hr\/wp-content\/uploads\/2016\/05\/logotipi_930x500.png 930w, https:\/\/www.ficc.hr\/wp-content\/uploads\/2016\/05\/logotipi_930x500-300x161.png 300w, https:\/\/www.ficc.hr\/wp-content\/uploads\/2016\/05\/logotipi_930x500-768x413.png 768w, https:\/\/www.ficc.hr\/wp-content\/uploads\/2016\/05\/logotipi_930x500-750x403.png 750w\" sizes=\"(max-width: 930px) 100vw, 930px\" \/>\n            <\/div>\n        <\/div><div class=\"eael-entry-wrapper\"><header class=\"eael-entry-header\"><h2 class=\"eael-entry-title\"><a class=\"eael-grid-post-link\" href=\"https:\/\/www.ficc.hr\/hr\/novosti-za-clanove\/dm-drogerie-markt-sesti-put-proglasen-najboljim-poslodavcem-u-hrvatskoj\/\" title=\"dm-drogerie markt \u0161esti put progla\u0161en najboljim poslodavcem u Hrvatskoj\">dm-drogerie markt \u0161esti put progla\u0161en najboljim poslodavcem u Hrvatskoj<\/a><\/h2><\/header><div class=\"eael-entry-content\">\n                        <div class=\"eael-grid-post-excerpt\"><a href=\"https:\/\/www.ficc.hr\/hr\/novosti-za-clanove\/dm-drogerie-markt-sesti-put-proglasen-najboljim-poslodavcem-u-hrvatskoj\/\" class=\"eael-post-elements-readmore-btn\">Otvori \u010dlanak<\/a><\/div>\n                    <\/div><div class=\"eael-entry-footer\"><div class=\"eael-entry-meta\"><span class=\"eael-posted-on\"><time datetime=\"01\/12\/2016\">01\/12\/2016<\/time><\/span><\/div><\/div><\/div><\/div>\n        <\/div>\n    <\/article><article class=\"eael-grid-post  eael-post-grid-column eael-pg-post-6068 category-novosti-za-clanove\" data-id=\"6068\">\n        <div class=\"eael-grid-post-holder\">\n            <div class=\"eael-grid-post-holder-inner\"><div class=\"eael-entry-media\"><div class=\"eael-entry-overlay fade-in\"><i class=\"fas fa-long-arrow-alt-right\" aria-hidden=\"true\"><\/i><a href=\"https:\/\/www.ficc.hr\/hr\/novosti-za-clanove\/ht-u-nagrada-indeks-dop-a-za-drustveno-odgovorne-odnose-sa-zajednicom\/\"><\/a><\/div><div class=\"eael-entry-thumbnail\">\n                <img decoding=\"async\" width=\"930\" height=\"500\" src=\"https:\/\/www.ficc.hr\/wp-content\/uploads\/2016\/05\/logotipi_930x500_16.png\" class=\"attachment-full size-full wp-image-1061\" alt=\"\" srcset=\"https:\/\/www.ficc.hr\/wp-content\/uploads\/2016\/05\/logotipi_930x500_16.png 930w, https:\/\/www.ficc.hr\/wp-content\/uploads\/2016\/05\/logotipi_930x500_16-300x161.png 300w, https:\/\/www.ficc.hr\/wp-content\/uploads\/2016\/05\/logotipi_930x500_16-768x413.png 768w, https:\/\/www.ficc.hr\/wp-content\/uploads\/2016\/05\/logotipi_930x500_16-750x403.png 750w\" sizes=\"(max-width: 930px) 100vw, 930px\" \/>\n            <\/div>\n        <\/div><div class=\"eael-entry-wrapper\"><header class=\"eael-entry-header\"><h2 class=\"eael-entry-title\"><a class=\"eael-grid-post-link\" href=\"https:\/\/www.ficc.hr\/hr\/novosti-za-clanove\/ht-u-nagrada-indeks-dop-a-za-drustveno-odgovorne-odnose-sa-zajednicom\/\" title=\"HT-u nagrada Indeks DOP-a za Dru\u0161tveno odgovorne odnose sa zajednicom\">HT-u nagrada Indeks DOP-a za Dru\u0161tveno odgovorne odnose sa zajednicom<\/a><\/h2><\/header><div class=\"eael-entry-content\">\n                        <div class=\"eael-grid-post-excerpt\"><a href=\"https:\/\/www.ficc.hr\/hr\/novosti-za-clanove\/ht-u-nagrada-indeks-dop-a-za-drustveno-odgovorne-odnose-sa-zajednicom\/\" class=\"eael-post-elements-readmore-btn\">Otvori \u010dlanak<\/a><\/div>\n                    <\/div><div class=\"eael-entry-footer\"><div class=\"eael-entry-meta\"><span class=\"eael-posted-on\"><time datetime=\"01\/12\/2016\">01\/12\/2016<\/time><\/span><\/div><\/div><\/div><\/div>\n        <\/div>\n    <\/article><article class=\"eael-grid-post  eael-post-grid-column eael-pg-post-6047 category-novosti-za-clanove\" data-id=\"6047\">\n        <div class=\"eael-grid-post-holder\">\n            <div class=\"eael-grid-post-holder-inner\"><div class=\"eael-entry-media\"><div class=\"eael-entry-overlay fade-in\"><i class=\"fas fa-long-arrow-alt-right\" aria-hidden=\"true\"><\/i><a href=\"https:\/\/www.ficc.hr\/hr\/novosti-za-clanove\/odabrani-najbolji-poslodavci-u-hrvatskoj-za-2016\/\"><\/a><\/div><div class=\"eael-entry-thumbnail\">\n                <img loading=\"lazy\" decoding=\"async\" width=\"930\" height=\"500\" src=\"https:\/\/www.ficc.hr\/wp-content\/uploads\/2016\/05\/logotipi_930x500.png\" class=\"attachment-full size-full wp-image-1060\" alt=\"\" srcset=\"https:\/\/www.ficc.hr\/wp-content\/uploads\/2016\/05\/logotipi_930x500.png 930w, https:\/\/www.ficc.hr\/wp-content\/uploads\/2016\/05\/logotipi_930x500-300x161.png 300w, https:\/\/www.ficc.hr\/wp-content\/uploads\/2016\/05\/logotipi_930x500-768x413.png 768w, https:\/\/www.ficc.hr\/wp-content\/uploads\/2016\/05\/logotipi_930x500-750x403.png 750w\" sizes=\"(max-width: 930px) 100vw, 930px\" \/>\n            <\/div>\n        <\/div><div class=\"eael-entry-wrapper\"><header class=\"eael-entry-header\"><h2 class=\"eael-entry-title\"><a class=\"eael-grid-post-link\" href=\"https:\/\/www.ficc.hr\/hr\/novosti-za-clanove\/odabrani-najbolji-poslodavci-u-hrvatskoj-za-2016\/\" title=\"Odabrani najbolji poslodavci u Hrvatskoj za 2016.\">Odabrani najbolji poslodavci u Hrvatskoj za 2016.<\/a><\/h2><\/header><div class=\"eael-entry-content\">\n                        <div class=\"eael-grid-post-excerpt\"><a href=\"https:\/\/www.ficc.hr\/hr\/novosti-za-clanove\/odabrani-najbolji-poslodavci-u-hrvatskoj-za-2016\/\" class=\"eael-post-elements-readmore-btn\">Otvori \u010dlanak<\/a><\/div>\n                    <\/div><div class=\"eael-entry-footer\"><div class=\"eael-entry-meta\"><span class=\"eael-posted-on\"><time datetime=\"01\/12\/2016\">01\/12\/2016<\/time><\/span><\/div><\/div><\/div><\/div>\n        <\/div>\n    <\/article><article class=\"eael-grid-post  eael-post-grid-column eael-pg-post-6025 category-novosti-za-clanove\" data-id=\"6025\">\n        <div class=\"eael-grid-post-holder\">\n            <div class=\"eael-grid-post-holder-inner\"><div class=\"eael-entry-media\"><div class=\"eael-entry-overlay fade-in\"><i class=\"fas fa-long-arrow-alt-right\" aria-hidden=\"true\"><\/i><a href=\"https:\/\/www.ficc.hr\/hr\/novosti-za-clanove\/smart-city-prerastao-u-sinonim-za-kvalitetu-zivljenja\/\"><\/a><\/div><div class=\"eael-entry-thumbnail\">\n                <img decoding=\"async\" width=\"930\" height=\"500\" src=\"https:\/\/www.ficc.hr\/wp-content\/uploads\/2016\/05\/logotipi_930x500_16.png\" class=\"attachment-full size-full wp-image-1061\" alt=\"\" srcset=\"https:\/\/www.ficc.hr\/wp-content\/uploads\/2016\/05\/logotipi_930x500_16.png 930w, https:\/\/www.ficc.hr\/wp-content\/uploads\/2016\/05\/logotipi_930x500_16-300x161.png 300w, https:\/\/www.ficc.hr\/wp-content\/uploads\/2016\/05\/logotipi_930x500_16-768x413.png 768w, https:\/\/www.ficc.hr\/wp-content\/uploads\/2016\/05\/logotipi_930x500_16-750x403.png 750w\" sizes=\"(max-width: 930px) 100vw, 930px\" \/>\n            <\/div>\n        <\/div><div class=\"eael-entry-wrapper\"><header class=\"eael-entry-header\"><h2 class=\"eael-entry-title\"><a class=\"eael-grid-post-link\" href=\"https:\/\/www.ficc.hr\/hr\/novosti-za-clanove\/smart-city-prerastao-u-sinonim-za-kvalitetu-zivljenja\/\" title=\"\u2018Smart city\u2019 prerastao u \u2028sinonim za kvalitetu \u017eivljenja\">\u2018Smart city\u2019 prerastao u \u2028sinonim za kvalitetu \u017eivljenja<\/a><\/h2><\/header><div class=\"eael-entry-content\">\n                        <div class=\"eael-grid-post-excerpt\"><a href=\"https:\/\/www.ficc.hr\/hr\/novosti-za-clanove\/smart-city-prerastao-u-sinonim-za-kvalitetu-zivljenja\/\" class=\"eael-post-elements-readmore-btn\">Otvori \u010dlanak<\/a><\/div>\n                    <\/div><div class=\"eael-entry-footer\"><div class=\"eael-entry-meta\"><span class=\"eael-posted-on\"><time datetime=\"11\/10\/2016\">11\/10\/2016<\/time><\/span><\/div><\/div><\/div><\/div>\n        <\/div>\n    <\/article><article class=\"eael-grid-post  eael-post-grid-column eael-pg-post-6004 category-novosti-za-clanove\" data-id=\"6004\">\n        <div class=\"eael-grid-post-holder\">\n            <div class=\"eael-grid-post-holder-inner\"><div class=\"eael-entry-media\"><div class=\"eael-entry-overlay fade-in\"><i class=\"fas fa-long-arrow-alt-right\" aria-hidden=\"true\"><\/i><a href=\"https:\/\/www.ficc.hr\/hr\/novosti-za-clanove\/siemens-proslavio-130-godina-rada-u-hrvatskoj\/\"><\/a><\/div><div class=\"eael-entry-thumbnail\">\n                <img loading=\"lazy\" decoding=\"async\" width=\"930\" height=\"500\" src=\"https:\/\/www.ficc.hr\/wp-content\/uploads\/2015\/11\/logotipi_930x500_12.png\" class=\"attachment-full size-full wp-image-1075\" alt=\"\" srcset=\"https:\/\/www.ficc.hr\/wp-content\/uploads\/2015\/11\/logotipi_930x500_12.png 930w, https:\/\/www.ficc.hr\/wp-content\/uploads\/2015\/11\/logotipi_930x500_12-300x161.png 300w, https:\/\/www.ficc.hr\/wp-content\/uploads\/2015\/11\/logotipi_930x500_12-768x413.png 768w, https:\/\/www.ficc.hr\/wp-content\/uploads\/2015\/11\/logotipi_930x500_12-750x403.png 750w\" sizes=\"(max-width: 930px) 100vw, 930px\" \/>\n            <\/div>\n        <\/div><div class=\"eael-entry-wrapper\"><header class=\"eael-entry-header\"><h2 class=\"eael-entry-title\"><a class=\"eael-grid-post-link\" href=\"https:\/\/www.ficc.hr\/hr\/novosti-za-clanove\/siemens-proslavio-130-godina-rada-u-hrvatskoj\/\" title=\"Siemens proslavio 130 godina rada u Hrvatskoj\">Siemens proslavio 130 godina rada u Hrvatskoj<\/a><\/h2><\/header><div class=\"eael-entry-content\">\n                        <div class=\"eael-grid-post-excerpt\"><a href=\"https:\/\/www.ficc.hr\/hr\/novosti-za-clanove\/siemens-proslavio-130-godina-rada-u-hrvatskoj\/\" class=\"eael-post-elements-readmore-btn\">Otvori \u010dlanak<\/a><\/div>\n                    <\/div><div class=\"eael-entry-footer\"><div class=\"eael-entry-meta\"><span class=\"eael-posted-on\"><time datetime=\"24\/09\/2016\">24\/09\/2016<\/time><\/span><\/div><\/div><\/div><\/div>\n        <\/div>\n    <\/article><article class=\"eael-grid-post  eael-post-grid-column eael-pg-post-5973 category-novosti-za-clanove\" data-id=\"5973\">\n        <div class=\"eael-grid-post-holder\">\n            <div class=\"eael-grid-post-holder-inner\"><div class=\"eael-entry-media\"><div class=\"eael-entry-overlay fade-in\"><i class=\"fas fa-long-arrow-alt-right\" aria-hidden=\"true\"><\/i><a href=\"https:\/\/www.ficc.hr\/hr\/novosti-za-clanove\/krece-gradnja-prvog-hotela-pod-hyattovim-brendom-u-investiciji-vrijednoj-100-milijuna-eura\/\"><\/a><\/div><div class=\"eael-entry-thumbnail\">\n                <img loading=\"lazy\" decoding=\"async\" width=\"930\" height=\"500\" src=\"https:\/\/www.ficc.hr\/wp-content\/uploads\/2017\/01\/Dogus_logo.png\" class=\"attachment-full size-full wp-image-2682\" alt=\"\" srcset=\"https:\/\/www.ficc.hr\/wp-content\/uploads\/2017\/01\/Dogus_logo.png 930w, https:\/\/www.ficc.hr\/wp-content\/uploads\/2017\/01\/Dogus_logo-300x161.png 300w, https:\/\/www.ficc.hr\/wp-content\/uploads\/2017\/01\/Dogus_logo-768x413.png 768w, https:\/\/www.ficc.hr\/wp-content\/uploads\/2017\/01\/Dogus_logo-750x403.png 750w\" sizes=\"(max-width: 930px) 100vw, 930px\" \/>\n            <\/div>\n        <\/div><div class=\"eael-entry-wrapper\"><header class=\"eael-entry-header\"><h2 class=\"eael-entry-title\"><a class=\"eael-grid-post-link\" href=\"https:\/\/www.ficc.hr\/hr\/novosti-za-clanove\/krece-gradnja-prvog-hotela-pod-hyattovim-brendom-u-investiciji-vrijednoj-100-milijuna-eura\/\" title=\"Kre\u0107e gradnja prvog hotela pod Hyattovim brendom u investiciji vrijednoj 100 milijuna eura\">Kre\u0107e gradnja prvog hotela pod Hyattovim brendom u investiciji vrijednoj 100 milijuna eura<\/a><\/h2><\/header><div class=\"eael-entry-content\">\n                        <div class=\"eael-grid-post-excerpt\"><a href=\"https:\/\/www.ficc.hr\/hr\/novosti-za-clanove\/krece-gradnja-prvog-hotela-pod-hyattovim-brendom-u-investiciji-vrijednoj-100-milijuna-eura\/\" class=\"eael-post-elements-readmore-btn\">Otvori \u010dlanak<\/a><\/div>\n                    <\/div><div class=\"eael-entry-footer\"><div class=\"eael-entry-meta\"><span class=\"eael-posted-on\"><time datetime=\"22\/09\/2016\">22\/09\/2016<\/time><\/span><\/div><\/div><\/div><\/div>\n        <\/div>\n    <\/article><article class=\"eael-grid-post  eael-post-grid-column eael-pg-post-5946 category-novosti-za-clanove\" data-id=\"5946\">\n        <div class=\"eael-grid-post-holder\">\n            <div class=\"eael-grid-post-holder-inner\"><div class=\"eael-entry-media\"><div class=\"eael-entry-overlay fade-in\"><i class=\"fas fa-long-arrow-alt-right\" aria-hidden=\"true\"><\/i><a href=\"https:\/\/www.ficc.hr\/hr\/novosti-za-clanove\/dogus-grupa-preuzima-prginov-ncp-u-sibeniku\/\"><\/a><\/div><div class=\"eael-entry-thumbnail\">\n                <img loading=\"lazy\" decoding=\"async\" width=\"930\" height=\"500\" src=\"https:\/\/www.ficc.hr\/wp-content\/uploads\/2017\/01\/Dogus_logo.png\" class=\"attachment-full size-full wp-image-2682\" alt=\"\" srcset=\"https:\/\/www.ficc.hr\/wp-content\/uploads\/2017\/01\/Dogus_logo.png 930w, https:\/\/www.ficc.hr\/wp-content\/uploads\/2017\/01\/Dogus_logo-300x161.png 300w, https:\/\/www.ficc.hr\/wp-content\/uploads\/2017\/01\/Dogus_logo-768x413.png 768w, https:\/\/www.ficc.hr\/wp-content\/uploads\/2017\/01\/Dogus_logo-750x403.png 750w\" sizes=\"(max-width: 930px) 100vw, 930px\" \/>\n            <\/div>\n        <\/div><div class=\"eael-entry-wrapper\"><header class=\"eael-entry-header\"><h2 class=\"eael-entry-title\"><a class=\"eael-grid-post-link\" href=\"https:\/\/www.ficc.hr\/hr\/novosti-za-clanove\/dogus-grupa-preuzima-prginov-ncp-u-sibeniku\/\" title=\"Dogus grupa preuzima Prginov NCP u \u0160ibeniku\">Dogus grupa preuzima Prginov NCP u \u0160ibeniku<\/a><\/h2><\/header><div class=\"eael-entry-content\">\n                        <div class=\"eael-grid-post-excerpt\"><a href=\"https:\/\/www.ficc.hr\/hr\/novosti-za-clanove\/dogus-grupa-preuzima-prginov-ncp-u-sibeniku\/\" class=\"eael-post-elements-readmore-btn\">Otvori \u010dlanak<\/a><\/div>\n                    <\/div><div class=\"eael-entry-footer\"><div class=\"eael-entry-meta\"><span class=\"eael-posted-on\"><time datetime=\"20\/09\/2016\">20\/09\/2016<\/time><\/span><\/div><\/div><\/div><\/div>\n        <\/div>\n    <\/article><article class=\"eael-grid-post  eael-post-grid-column eael-pg-post-5922 category-novosti-za-clanove\" data-id=\"5922\">\n        <div class=\"eael-grid-post-holder\">\n            <div class=\"eael-grid-post-holder-inner\"><div class=\"eael-entry-media\"><div class=\"eael-entry-overlay fade-in\"><i class=\"fas fa-long-arrow-alt-right\" aria-hidden=\"true\"><\/i><a href=\"https:\/\/www.ficc.hr\/hr\/novosti-za-clanove\/petrokemija-odabrala-kpmg-za-izradu-programa-restrukturiranja\/\"><\/a><\/div><div class=\"eael-entry-thumbnail\">\n                <img loading=\"lazy\" decoding=\"async\" width=\"930\" height=\"500\" src=\"https:\/\/www.ficc.hr\/wp-content\/uploads\/2016\/02\/logotipi_930x500_28.png\" class=\"attachment-full size-full wp-image-1065\" alt=\"\" srcset=\"https:\/\/www.ficc.hr\/wp-content\/uploads\/2016\/02\/logotipi_930x500_28.png 930w, https:\/\/www.ficc.hr\/wp-content\/uploads\/2016\/02\/logotipi_930x500_28-300x161.png 300w, https:\/\/www.ficc.hr\/wp-content\/uploads\/2016\/02\/logotipi_930x500_28-768x413.png 768w, https:\/\/www.ficc.hr\/wp-content\/uploads\/2016\/02\/logotipi_930x500_28-750x403.png 750w\" sizes=\"(max-width: 930px) 100vw, 930px\" \/>\n            <\/div>\n        <\/div><div class=\"eael-entry-wrapper\"><header class=\"eael-entry-header\"><h2 class=\"eael-entry-title\"><a class=\"eael-grid-post-link\" href=\"https:\/\/www.ficc.hr\/hr\/novosti-za-clanove\/petrokemija-odabrala-kpmg-za-izradu-programa-restrukturiranja\/\" title=\"Petrokemija odabrala KPMG za izradu programa restrukturiranja\">Petrokemija odabrala KPMG za izradu programa restrukturiranja<\/a><\/h2><\/header><div class=\"eael-entry-content\">\n                        <div class=\"eael-grid-post-excerpt\"><a href=\"https:\/\/www.ficc.hr\/hr\/novosti-za-clanove\/petrokemija-odabrala-kpmg-za-izradu-programa-restrukturiranja\/\" class=\"eael-post-elements-readmore-btn\">Otvori \u010dlanak<\/a><\/div>\n                    <\/div><div class=\"eael-entry-footer\"><div class=\"eael-entry-meta\"><span class=\"eael-posted-on\"><time datetime=\"15\/09\/2016\">15\/09\/2016<\/time><\/span><\/div><\/div><\/div><\/div>\n        <\/div>\n    <\/article><article class=\"eael-grid-post  eael-post-grid-column eael-pg-post-5899 category-novosti-za-clanove\" data-id=\"5899\">\n        <div class=\"eael-grid-post-holder\">\n            <div class=\"eael-grid-post-holder-inner\"><div class=\"eael-entry-media\"><div class=\"eael-entry-overlay fade-in\"><i class=\"fas fa-long-arrow-alt-right\" aria-hidden=\"true\"><\/i><a href=\"https:\/\/www.ficc.hr\/hr\/novosti-za-clanove\/turska-dogus-grupa-vodeci-je-ulagac-slijede-jadranka-zlz\/\"><\/a><\/div><div class=\"eael-entry-thumbnail\">\n                <img loading=\"lazy\" decoding=\"async\" width=\"930\" height=\"500\" src=\"https:\/\/www.ficc.hr\/wp-content\/uploads\/2017\/01\/Dogus_logo.png\" class=\"attachment-full size-full wp-image-2682\" alt=\"\" srcset=\"https:\/\/www.ficc.hr\/wp-content\/uploads\/2017\/01\/Dogus_logo.png 930w, https:\/\/www.ficc.hr\/wp-content\/uploads\/2017\/01\/Dogus_logo-300x161.png 300w, https:\/\/www.ficc.hr\/wp-content\/uploads\/2017\/01\/Dogus_logo-768x413.png 768w, https:\/\/www.ficc.hr\/wp-content\/uploads\/2017\/01\/Dogus_logo-750x403.png 750w\" sizes=\"(max-width: 930px) 100vw, 930px\" \/>\n            <\/div>\n        <\/div><div class=\"eael-entry-wrapper\"><header class=\"eael-entry-header\"><h2 class=\"eael-entry-title\"><a class=\"eael-grid-post-link\" href=\"https:\/\/www.ficc.hr\/hr\/novosti-za-clanove\/turska-dogus-grupa-vodeci-je-ulagac-slijede-jadranka-zlz\/\" title=\"Turska Dogus grupa vode\u0107i je ulaga\u010d, slijede Jadranka, ZLZ&#8230;\">Turska Dogus grupa vode\u0107i je ulaga\u010d, slijede Jadranka, ZLZ&#8230;<\/a><\/h2><\/header><div class=\"eael-entry-content\">\n                        <div class=\"eael-grid-post-excerpt\"><a href=\"https:\/\/www.ficc.hr\/hr\/novosti-za-clanove\/turska-dogus-grupa-vodeci-je-ulagac-slijede-jadranka-zlz\/\" class=\"eael-post-elements-readmore-btn\">Otvori \u010dlanak<\/a><\/div>\n                    <\/div><div class=\"eael-entry-footer\"><div class=\"eael-entry-meta\"><span class=\"eael-posted-on\"><time datetime=\"04\/08\/2016\">04\/08\/2016<\/time><\/span><\/div><\/div><\/div><\/div>\n        <\/div>\n    <\/article><article class=\"eael-grid-post  eael-post-grid-column eael-pg-post-5868 category-novosti-za-clanove\" data-id=\"5868\">\n        <div class=\"eael-grid-post-holder\">\n            <div class=\"eael-grid-post-holder-inner\"><div class=\"eael-entry-media\"><div class=\"eael-entry-overlay fade-in\"><i class=\"fas fa-long-arrow-alt-right\" aria-hidden=\"true\"><\/i><a href=\"https:\/\/www.ficc.hr\/hr\/novosti-za-clanove\/revolucija-ovo-je-osam-kljucnih-tehnologija-koje-ce-promijeniti\/\"><\/a><\/div><div class=\"eael-entry-thumbnail\">\n                <img loading=\"lazy\" decoding=\"async\" width=\"930\" height=\"500\" src=\"https:\/\/www.ficc.hr\/wp-content\/uploads\/2016\/10\/logotipi_930x500_19.png\" class=\"attachment-full size-full wp-image-1056\" alt=\"\" srcset=\"https:\/\/www.ficc.hr\/wp-content\/uploads\/2016\/10\/logotipi_930x500_19.png 930w, https:\/\/www.ficc.hr\/wp-content\/uploads\/2016\/10\/logotipi_930x500_19-300x161.png 300w, https:\/\/www.ficc.hr\/wp-content\/uploads\/2016\/10\/logotipi_930x500_19-768x413.png 768w, https:\/\/www.ficc.hr\/wp-content\/uploads\/2016\/10\/logotipi_930x500_19-750x403.png 750w\" sizes=\"(max-width: 930px) 100vw, 930px\" \/>\n            <\/div>\n        <\/div><div class=\"eael-entry-wrapper\"><header class=\"eael-entry-header\"><h2 class=\"eael-entry-title\"><a class=\"eael-grid-post-link\" href=\"https:\/\/www.ficc.hr\/hr\/novosti-za-clanove\/revolucija-ovo-je-osam-kljucnih-tehnologija-koje-ce-promijeniti\/\" title=\"Revolucija: Ovo je osam klju\u010dnih tehnologija koje \u0107e promijeniti\">Revolucija: Ovo je osam klju\u010dnih tehnologija koje \u0107e promijeniti<\/a><\/h2><\/header><div class=\"eael-entry-content\">\n                        <div class=\"eael-grid-post-excerpt\"><a href=\"https:\/\/www.ficc.hr\/hr\/novosti-za-clanove\/revolucija-ovo-je-osam-kljucnih-tehnologija-koje-ce-promijeniti\/\" class=\"eael-post-elements-readmore-btn\">Otvori \u010dlanak<\/a><\/div>\n                    <\/div><div class=\"eael-entry-footer\"><div class=\"eael-entry-meta\"><span class=\"eael-posted-on\"><time datetime=\"01\/08\/2016\">01\/08\/2016<\/time><\/span><\/div><\/div><\/div><\/div>\n        <\/div>\n    <\/article><article class=\"eael-grid-post  eael-post-grid-column eael-pg-post-5835 category-novosti-za-clanove\" data-id=\"5835\">\n        <div class=\"eael-grid-post-holder\">\n            <div class=\"eael-grid-post-holder-inner\"><div class=\"eael-entry-media\"><div class=\"eael-entry-overlay fade-in\"><i class=\"fas fa-long-arrow-alt-right\" aria-hidden=\"true\"><\/i><a href=\"https:\/\/www.ficc.hr\/hr\/novosti-za-clanove\/tele2-ustedio-je-gradanima-dvije-milijarde-kuna-godisnje\/\"><\/a><\/div><div class=\"eael-entry-thumbnail\">\n                <img fetchpriority=\"high\" decoding=\"async\" width=\"930\" height=\"500\" src=\"https:\/\/www.ficc.hr\/wp-content\/uploads\/2015\/11\/logotipi_930x500_4.png\" class=\"attachment-full size-full wp-image-1077\" alt=\"\" srcset=\"https:\/\/www.ficc.hr\/wp-content\/uploads\/2015\/11\/logotipi_930x500_4.png 930w, https:\/\/www.ficc.hr\/wp-content\/uploads\/2015\/11\/logotipi_930x500_4-300x161.png 300w, https:\/\/www.ficc.hr\/wp-content\/uploads\/2015\/11\/logotipi_930x500_4-768x413.png 768w, https:\/\/www.ficc.hr\/wp-content\/uploads\/2015\/11\/logotipi_930x500_4-750x403.png 750w\" sizes=\"(max-width: 930px) 100vw, 930px\" \/>\n            <\/div>\n        <\/div><div class=\"eael-entry-wrapper\"><header class=\"eael-entry-header\"><h2 class=\"eael-entry-title\"><a class=\"eael-grid-post-link\" href=\"https:\/\/www.ficc.hr\/hr\/novosti-za-clanove\/tele2-ustedio-je-gradanima-dvije-milijarde-kuna-godisnje\/\" title=\"Tele2 u\u0161tedio je gra\u0111anima dvije milijarde kuna godi\u0161nje\">Tele2 u\u0161tedio je gra\u0111anima dvije milijarde kuna godi\u0161nje<\/a><\/h2><\/header><div class=\"eael-entry-content\">\n                        <div class=\"eael-grid-post-excerpt\"><a href=\"https:\/\/www.ficc.hr\/hr\/novosti-za-clanove\/tele2-ustedio-je-gradanima-dvije-milijarde-kuna-godisnje\/\" class=\"eael-post-elements-readmore-btn\">Otvori \u010dlanak<\/a><\/div>\n                    <\/div><div class=\"eael-entry-footer\"><div class=\"eael-entry-meta\"><span class=\"eael-posted-on\"><time datetime=\"27\/06\/2016\">27\/06\/2016<\/time><\/span><\/div><\/div><\/div><\/div>\n        <\/div>\n    <\/article><article class=\"eael-grid-post  eael-post-grid-column eael-pg-post-5813 category-novosti-za-clanove\" data-id=\"5813\">\n        <div class=\"eael-grid-post-holder\">\n            <div class=\"eael-grid-post-holder-inner\"><div class=\"eael-entry-media\"><div class=\"eael-entry-overlay fade-in\"><i class=\"fas fa-long-arrow-alt-right\" aria-hidden=\"true\"><\/i><a href=\"https:\/\/www.ficc.hr\/hr\/novosti-za-clanove\/pliva-najbolja-oreskovic-obecao-lakse-poslovanje-2\/\"><\/a><\/div><div class=\"eael-entry-thumbnail\">\n                <img loading=\"lazy\" decoding=\"async\" width=\"930\" height=\"500\" src=\"https:\/\/www.ficc.hr\/wp-content\/uploads\/2016\/10\/logotipi_930x500_9.png\" class=\"attachment-full size-full wp-image-1085\" alt=\"\" srcset=\"https:\/\/www.ficc.hr\/wp-content\/uploads\/2016\/10\/logotipi_930x500_9.png 930w, https:\/\/www.ficc.hr\/wp-content\/uploads\/2016\/10\/logotipi_930x500_9-300x161.png 300w, https:\/\/www.ficc.hr\/wp-content\/uploads\/2016\/10\/logotipi_930x500_9-768x413.png 768w, https:\/\/www.ficc.hr\/wp-content\/uploads\/2016\/10\/logotipi_930x500_9-750x403.png 750w\" sizes=\"(max-width: 930px) 100vw, 930px\" \/>\n            <\/div>\n        <\/div><div class=\"eael-entry-wrapper\"><header class=\"eael-entry-header\"><h2 class=\"eael-entry-title\"><a class=\"eael-grid-post-link\" href=\"https:\/\/www.ficc.hr\/hr\/novosti-za-clanove\/pliva-najbolja-oreskovic-obecao-lakse-poslovanje-2\/\" title=\"Pliva najbolja, Ore\u0161kovi\u0107 obe\u0107ao lak\u0161e poslovanje\">Pliva najbolja, Ore\u0161kovi\u0107 obe\u0107ao lak\u0161e poslovanje<\/a><\/h2><\/header><div class=\"eael-entry-content\">\n                        <div class=\"eael-grid-post-excerpt\"><a href=\"https:\/\/www.ficc.hr\/hr\/novosti-za-clanove\/pliva-najbolja-oreskovic-obecao-lakse-poslovanje-2\/\" class=\"eael-post-elements-readmore-btn\">Otvori \u010dlanak<\/a><\/div>\n                    <\/div><div class=\"eael-entry-footer\"><div class=\"eael-entry-meta\"><span class=\"eael-posted-on\"><time datetime=\"24\/05\/2016\">24\/05\/2016<\/time><\/span><\/div><\/div><\/div><\/div>\n        <\/div>\n    <\/article><\/div>\n            <div class=\"clearfix\"><\/div>\n        <\/div>            <div class=\"eael-load-more-button-wrap\">\n                <button class=\"eael-load-more-button\" id=\"eael-load-more-btn-140f85d\" data-widget-id=\"140f85d\" data-widget=\"140f85d\" data-page-id=\"5568\" data-template=\"{&quot;dir&quot;:&quot;lite&quot;,&quot;file_name&quot;:&quot;one.php&quot;,&quot;name&quot;:&quot;Post-Grid&quot;}\" data-class=\"Essential_Addons_Elementor\\Elements\\Post_Grid\" data-layout=\"grid\" data-page=\"1\" data-args=\"orderby=date&amp;order=desc&amp;ignore_sticky_posts=1&amp;post_status=publish&amp;posts_per_page=50&amp;offset=0&amp;post_type=post&amp;tax_query%5B0%5D%5Btaxonomy%5D=category&amp;tax_query%5B0%5D%5Bfield%5D=term_id&amp;tax_query%5B0%5D%5Bterms%5D%5B0%5D=13&amp;tax_query%5Brelation%5D=AND\" data-max-page=\"2\">\n                    <span class=\"eael-btn-loader button__loader\"><\/span>\n                    <span class=\"eael_load_more_text\">Prika\u017ei vi\u0161e<\/span>\n                <\/button>\n            <\/div>\n            \t\t\t\t<\/div>\n\t\t\t\t<\/div>\n\t\t\t\t\t<\/div>\n\t\t<\/div>\n\t\t\t\t\t<\/div>\n\t\t<\/section>\n\t\t\t\t<\/div>",
        "protected": false
    },
    "excerpt": {
        "rendered": "<p>NOVOSTI O \u010cLANOVIMA Tele2 u 2017. godini ostvario rast ukupnih prihoda od 7 posto Otvori \u010dlanak 23\/02\/2018 Addiko banka otvorila prvu digitalnu Express poslovnicu u Hrvatskoj Otvori \u010dlanak 23\/02\/2018 Hrvatski Telekom ponovno primio Certifikat Poslodavac Partner Otvori \u010dlanak 23\/02\/2018 Austrijski Raiffeisen vi\u0161e nego udvostru\u010dio neto dobit u 2017. Otvori \u010dlanak 23\/02\/2018 RWE preuzeo Montcogim-plinaru Otvori [&hellip;]<\/p>",
        "protected": false
    },
    "author": 2,
    "featured_media": 0,
    "parent": 0,
    "menu_order": 11,
    "comment_status": "closed",
    "ping_status": "closed",
    "template": "elementor_header_footer",
    "meta": {
        "site-sidebar-layout": "no-sidebar",
        "site-content-layout": "page-builder",
        "ast-site-content-layout": "default",
        "site-content-style": "default",
        "site-sidebar-style": "default",
        "ast-global-header-display": "",
        "ast-banner-title-visibility": "",
        "ast-main-header-display": "",
        "ast-hfb-above-header-display": "",
        "ast-hfb-below-header-display": "",
        "ast-hfb-mobile-header-display": "",
        "site-post-title": "disabled",
        "ast-breadcrumbs-content": "",
        "ast-featured-img": "disabled",
        "footer-sml-layout": "",
        "ast-disable-related-posts": "",
        "theme-transparent-header-meta": "default",
        "adv-header-id-meta": "",
        "stick-header-meta": "",
        "header-above-stick-meta": "",
        "header-main-stick-meta": "",
        "header-below-stick-meta": "",
        "astra-migrate-meta-layouts": "default",
        "ast-page-background-enabled": "default",
        "ast-page-background-meta": {
            "desktop": {
                "background-color": "",
                "background-image": "",
                "background-repeat": "repeat",
                "background-position": "center center",
                "background-size": "auto",
                "background-attachment": "scroll",
                "background-type": "",
                "background-media": "",
                "overlay-type": "",
                "overlay-color": "",
                "overlay-opacity": "",
                "overlay-gradient": ""
            },
            "tablet": {
                "background-color": "",
                "background-image": "",
                "background-repeat": "repeat",
                "background-position": "center center",
                "background-size": "auto",
                "background-attachment": "scroll",
                "background-type": "",
                "background-media": "",
                "overlay-type": "",
                "overlay-color": "",
                "overlay-opacity": "",
                "overlay-gradient": ""
            },
            "mobile": {
                "background-color": "",
                "background-image": "",
                "background-repeat": "repeat",
                "background-position": "center center",
                "background-size": "auto",
                "background-attachment": "scroll",
                "background-type": "",
                "background-media": "",
                "overlay-type": "",
                "overlay-color": "",
                "overlay-opacity": "",
                "overlay-gradient": ""
            }
        },
        "ast-content-background-meta": {
            "desktop": {
                "background-color": "var(--ast-global-color-5)",
                "background-image": "",
                "background-repeat": "repeat",
                "background-position": "center center",
                "background-size": "auto",
                "background-attachment": "scroll",
                "background-type": "",
                "background-media": "",
                "overlay-type": "",
                "overlay-color": "",
                "overlay-opacity": "",
                "overlay-gradient": ""
            },
            "tablet": {
                "background-color": "var(--ast-global-color-5)",
                "background-image": "",
                "background-repeat": "repeat",
                "background-position": "center center",
                "background-size": "auto",
                "background-attachment": "scroll",
                "background-type": "",
                "background-media": "",
                "overlay-type": "",
                "overlay-color": "",
                "overlay-opacity": "",
                "overlay-gradient": ""
            },
            "mobile": {
                "background-color": "var(--ast-global-color-5)",
                "background-image": "",
                "background-repeat": "repeat",
                "background-position": "center center",
                "background-size": "auto",
                "background-attachment": "scroll",
                "background-type": "",
                "background-media": "",
                "overlay-type": "",
                "overlay-color": "",
                "overlay-opacity": "",
                "overlay-gradient": ""
            }
        },
        "footnotes": ""
    },
    "class_list": [
        "post-5568",
        "page",
        "type-page",
        "status-publish",
        "hentry"
    ],
    "_links": {
        "self": [
            {
                "href": "https:\/\/www.ficc.hr\/hr\/wp-json\/wp\/v2\/pages\/5568",
                "targetHints": {
                    "allow": [
                        "GET"
                    ]
                }
            }
        ],
        "collection": [
            {
                "href": "https:\/\/www.ficc.hr\/hr\/wp-json\/wp\/v2\/pages"
            }
        ],
        "about": [
            {
                "href": "https:\/\/www.ficc.hr\/hr\/wp-json\/wp\/v2\/types\/page"
            }
        ],
        "author": [
            {
                "embeddable": true,
                "href": "https:\/\/www.ficc.hr\/hr\/wp-json\/wp\/v2\/users\/2"
            }
        ],
        "replies": [
            {
                "embeddable": true,
                "href": "https:\/\/www.ficc.hr\/hr\/wp-json\/wp\/v2\/comments?post=5568"
            }
        ],
        "version-history": [
            {
                "count": 47,
                "href": "https:\/\/www.ficc.hr\/hr\/wp-json\/wp\/v2\/pages\/5568\/revisions"
            }
        ],
        "predecessor-version": [
            {
                "id": 6874,
                "href": "https:\/\/www.ficc.hr\/hr\/wp-json\/wp\/v2\/pages\/5568\/revisions\/6874"
            }
        ],
        "wp:attachment": [
            {
                "href": "https:\/\/www.ficc.hr\/hr\/wp-json\/wp\/v2\/media?parent=5568"
            }
        ],
        "curies": [
            {
                "name": "wp",
                "href": "https:\/\/api.w.org\/{rel}",
                "templated": true
            }
        ]
    }
}